{"id":51847,"date":"2019-12-04T12:49:25","date_gmt":"2019-12-04T15:49:25","guid":{"rendered":"http:\/\/vocesdelacomuna15.com.ar\/wordpress\/?p=51847"},"modified":"2020-05-02T09:47:50","modified_gmt":"2020-05-02T12:47:50","slug":"atlanta-perdio-en-vicente-lopez-y-ahora-comparte-la-punta-en-la-primera-nacional","status":"publish","type":"post","link":"https:\/\/vocesdelacomuna15.com.ar\/press\/atlanta-perdio-en-vicente-lopez-y-ahora-comparte-la-punta-en-la-primera-nacional\/","title":{"rendered":"Atlanta perdi\u00f3 en Vicente L\u00f3pez y ahora comparte la punta en la Primera Nacional"},"content":{"rendered":"\n<h4 class=\"wp-block-heading\">Lo igualaron en la cima de la tabla Platense y Estudiantes de R\u00edo Cuarto. Comunicaciones est\u00e1 en el quinto lugar en la B Metropolitana<\/h4>\n\n\n\n<p>En el \u00faltimo partido de 2019 para ambos equipos, con el cierre de la primera ronda, Platense venci\u00f3 2 a 1 a Atlanta en Vicente L\u00f3pez. As\u00ed, el \u201cmarr\u00f3n\u201d alcanz\u00f3 la punta en la Zona 1, al igual que Estudiantes de R\u00edo Cuarto, que venci\u00f3 a Deportivo Mor\u00f3n en el Oeste por 3 a 1. Ahora, \u201cbohemios\u201d, \u201ccalamares\u201d y riocuartenses comparten la cima de la tabla de la Primera Nacional, todos con 28 unidades, aunque Atlanta es el que tiene mejor diferencia de gol con +10, contra +9 de Estudiantes de R\u00edo Cuarto y +4 de Platense. Temperley, por su parte, perdi\u00f3 su chance de sumarse al lote de punteros tras perder en el Sur bonaerense 1 a 0 con Ferro. En la Zona 2, finalizada la primera ronda, el l\u00edder es San Mart\u00edn de Tucum\u00e1n con 34 puntos. En el partido en Vicente L\u00f3pez, los tantos fueron convertidos por Joaqu\u00edn Susvielles y Javier Rossi para el local mientras que el arquero \u201ccalamar\u201d Jorge De Olivera marc\u00f3 en contra de su valla \u2013tras un tiro libre fort\u00edsimo de Walter Mazzantti- para los de Villa Crespo. Con una buena jugada colectiva, Platense se puso 1-0 arriba a los 34 minutos con una fr\u00eda definici\u00f3n de Susvielles tras pase de Rossi, quien se encarg\u00f3 de poner el 2-0 con un zurdazo despu\u00e9s de una peinada en una pelota parada, a los 51 minutos. El descuento del \u201cbohemio\u201d fue r\u00e1pido, a los 53 en la mencionada jugada de tiro libre, que rebot\u00f3 en la espalda de De Olivera. Los dirigidos por el \u201cChano\u201d Orfila buscaron el empate, terminando el partido con Luis L\u00f3pez, Brian Oyola, Mazzantti y Leonardo Marinucci en cancha y tuvieron chances pero no pudo ser para los de Villa Crespo. El \u201cmarr\u00f3n\u201d tambi\u00e9n tuvo oportunidades de aumentar la diferencia pero el encuentro finaliz\u00f3 2-1 para los de Vicente L\u00f3pez. S\u00cdNTESIS DEL PARTIDO: PLATENSE (2): De Olivera; Morgantini &#8211; Capasso &#8211; Suso &#8211; Infante; Lamberti &#8211; Bochi &#8211; Baz\u00e1n &#8211; Curuchet; Susvielles y Rossi. DT: Ruiz ATLANTA (1): Ferrero; Flores &#8211; P\u00e9rez &#8211; Caro Torres &#8211; Ochoa; Previtali &#8211; Talpone &#8211; Trinidad &#8211; Mazzantti; Pedrozo y L\u00f3pez. DT: Orfila. CAMBIOS Platense: Marcial x Infante &#8211; Baldassarra x Curuchet &#8211; Luj\u00e1n x Susvielles Atlanta: Ochoa Gim\u00e9nez x Trinidad &#8211; Oyola x Pedrozo &#8211; Marinucci x Caro Torres COMUNICACIONES CIERRA LA PRIMERA RONDA EN AGRONOM\u00cdA El domingo pasado, los \u201ccarteros\u201d igualaron 0-0 como visitantes contra Flandria y este domingo, por la fecha 17 (\u00faltima de la primera ronda y del a\u00f1o) cerrar\u00e1n ante Los Andes a las 17 horas en Agronom\u00eda. Comunicaciones se ubica en el quinto puesto de la tabla con 26 unidades, a seis del puntero Almirante Brown, que tiene 32 puntos. Milton Gim\u00e9nez, de \u201cComu\u201d con 11 goles, es uno de los goleadores del torneo, junto con L\u00f3pez, de Flandria. Foto: Atlanta Oficial<br><\/p>\n<div class=\"pvc_clear\"><\/div><p id=\"pvc_stats_51847\" class=\"pvc_stats all  \" data-element-id=\"51847\" style=\"\"><i class=\"pvc-stats-icon small\" aria-hidden=\"true\"><svg aria-hidden=\"true\" focusable=\"false\" data-prefix=\"far\" data-icon=\"chart-bar\" role=\"img\" xmlns=\"http:\/\/www.w3.org\/2000\/svg\" viewBox=\"0 0 512 512\" class=\"svg-inline--fa fa-chart-bar fa-w-16 fa-2x\"><path fill=\"currentColor\" d=\"M396.8 352h22.4c6.4 0 12.8-6.4 12.8-12.8V108.8c0-6.4-6.4-12.8-12.8-12.8h-22.4c-6.4 0-12.8 6.4-12.8 12.8v230.4c0 6.4 6.4 12.8 12.8 12.8zm-192 0h22.4c6.4 0 12.8-6.4 12.8-12.8V140.8c0-6.4-6.4-12.8-12.8-12.8h-22.4c-6.4 0-12.8 6.4-12.8 12.8v198.4c0 6.4 6.4 12.8 12.8 12.8zm96 0h22.4c6.4 0 12.8-6.4 12.8-12.8V204.8c0-6.4-6.4-12.8-12.8-12.8h-22.4c-6.4 0-12.8 6.4-12.8 12.8v134.4c0 6.4 6.4 12.8 12.8 12.8zM496 400H48V80c0-8.84-7.16-16-16-16H16C7.16 64 0 71.16 0 80v336c0 17.67 14.33 32 32 32h464c8.84 0 16-7.16 16-16v-16c0-8.84-7.16-16-16-16zm-387.2-48h22.4c6.4 0 12.8-6.4 12.8-12.8v-70.4c0-6.4-6.4-12.8-12.8-12.8h-22.4c-6.4 0-12.8 6.4-12.8 12.8v70.4c0 6.4 6.4 12.8 12.8 12.8z\" class=\"\"><\/path><\/svg><\/i> <img loading=\"lazy\" decoding=\"async\" width=\"16\" height=\"16\" alt=\"Loading\" src=\"https:\/\/vocesdelacomuna15.com.ar\/wp-content\/plugins\/page-views-count\/ajax-loader-2x.gif\" border=0 \/><\/p><div class=\"pvc_clear\"><\/div>","protected":false},"excerpt":{"rendered":"<p>Lo igualaron en la cima de la tabla Platense y Estudiantes de R\u00edo Cuarto. Comunicaciones est\u00e1 en el quinto lugar en la B Metropolitana En el \u00faltimo partido de 2019 para ambos equipos, con el cierre de la primera ronda, Platense venci\u00f3 2 a 1 a Atlanta en Vicente L\u00f3pez. As\u00ed, el \u201cmarr\u00f3n\u201d alcanz\u00f3 la [&hellip;]<\/p>\n<div class=\"pvc_clear\"><\/div>\n<p id=\"pvc_stats_51847\" class=\"pvc_stats all  \" data-element-id=\"51847\" style=\"\"><i class=\"pvc-stats-icon small\" aria-hidden=\"true\"><svg aria-hidden=\"true\" focusable=\"false\" data-prefix=\"far\" data-icon=\"chart-bar\" role=\"img\" xmlns=\"http:\/\/www.w3.org\/2000\/svg\" viewBox=\"0 0 512 512\" class=\"svg-inline--fa fa-chart-bar fa-w-16 fa-2x\"><path fill=\"currentColor\" d=\"M396.8 352h22.4c6.4 0 12.8-6.4 12.8-12.8V108.8c0-6.4-6.4-12.8-12.8-12.8h-22.4c-6.4 0-12.8 6.4-12.8 12.8v230.4c0 6.4 6.4 12.8 12.8 12.8zm-192 0h22.4c6.4 0 12.8-6.4 12.8-12.8V140.8c0-6.4-6.4-12.8-12.8-12.8h-22.4c-6.4 0-12.8 6.4-12.8 12.8v198.4c0 6.4 6.4 12.8 12.8 12.8zm96 0h22.4c6.4 0 12.8-6.4 12.8-12.8V204.8c0-6.4-6.4-12.8-12.8-12.8h-22.4c-6.4 0-12.8 6.4-12.8 12.8v134.4c0 6.4 6.4 12.8 12.8 12.8zM496 400H48V80c0-8.84-7.16-16-16-16H16C7.16 64 0 71.16 0 80v336c0 17.67 14.33 32 32 32h464c8.84 0 16-7.16 16-16v-16c0-8.84-7.16-16-16-16zm-387.2-48h22.4c6.4 0 12.8-6.4 12.8-12.8v-70.4c0-6.4-6.4-12.8-12.8-12.8h-22.4c-6.4 0-12.8 6.4-12.8 12.8v70.4c0 6.4 6.4 12.8 12.8 12.8z\" class=\"\"><\/path><\/svg><\/i> <img loading=\"lazy\" decoding=\"async\" width=\"16\" height=\"16\" alt=\"Loading\" src=\"https:\/\/vocesdelacomuna15.com.ar\/wp-content\/plugins\/page-views-count\/ajax-loader-2x.gif\" border=0 \/><\/p>\n<div class=\"pvc_clear\"><\/div>\n","protected":false},"author":2,"featured_media":51848,"comment_status":"open","ping_status":"open","sticky":false,"template":"","format":"standard","meta":{"_et_pb_use_builder":"off","_et_pb_old_content":"","_et_gb_content_width":"","footnotes":""},"categories":[27,32],"tags":[],"class_list":["post-51847","post","type-post","status-publish","format-standard","has-post-thumbnail","hentry","category-deportes","category-vcre","et-has-post-format-content","et_post_format-et-post-format-standard"],"a3_pvc":{"activated":true,"total_views":166,"today_views":0},"yoast_head":"<!-- This site is optimized with the Yoast SEO plugin v27.5 - https:\/\/yoast.com\/product\/yoast-seo-wordpress\/ -->\n<title>Atlanta perdi\u00f3 en Vicente L\u00f3pez y ahora comparte la punta en la Primera Nacional - Voces de la Comuna 15<\/title>\n<meta name=\"description\" content=\"Voces de la Comuna 15\" \/>\n<meta name=\"robots\" content=\"index, follow, max-snippet:-1, max-image-preview:large, max-video-preview:-1\" \/>\n<link rel=\"canonical\" href=\"https:\/\/vocesdelacomuna15.com.ar\/press\/atlanta-perdio-en-vicente-lopez-y-ahora-comparte-la-punta-en-la-primera-nacional\/\" \/>\n<meta property=\"og:locale\" content=\"es_ES\" \/>\n<meta property=\"og:type\" content=\"article\" \/>\n<meta property=\"og:title\" content=\"Atlanta perdi\u00f3 en Vicente L\u00f3pez y ahora comparte la punta en la Primera Nacional - Voces de la Comuna 15\" \/>\n<meta property=\"og:description\" content=\"Voces de la Comuna 15\" \/>\n<meta property=\"og:url\" content=\"https:\/\/vocesdelacomuna15.com.ar\/press\/atlanta-perdio-en-vicente-lopez-y-ahora-comparte-la-punta-en-la-primera-nacional\/\" \/>\n<meta property=\"og:site_name\" content=\"Voces de la Comuna 15\" \/>\n<meta property=\"article:publisher\" content=\"https:\/\/www.facebook.com\/VocesComuna15\/\" \/>\n<meta property=\"article:published_time\" content=\"2019-12-04T15:49:25+00:00\" \/>\n<meta property=\"article:modified_time\" content=\"2020-05-02T12:47:50+00:00\" \/>\n<meta property=\"og:image\" content=\"https:\/\/vocesdelacomuna15.com.ar\/wp-content\/uploads\/2020\/05\/TrinidadContraPlatense.jpg\" \/>\n\t<meta property=\"og:image:width\" content=\"826\" \/>\n\t<meta property=\"og:image:height\" content=\"543\" \/>\n\t<meta property=\"og:image:type\" content=\"image\/jpeg\" \/>\n<meta name=\"author\" content=\"Federico Arguto\" \/>\n<meta name=\"twitter:card\" content=\"summary_large_image\" \/>\n<meta name=\"twitter:creator\" content=\"@vocescomuna15\" \/>\n<meta name=\"twitter:site\" content=\"@vocescomuna15\" \/>\n<meta name=\"twitter:label1\" content=\"Escrito por\" \/>\n\t<meta name=\"twitter:data1\" content=\"Federico Arguto\" \/>\n\t<meta name=\"twitter:label2\" content=\"Tiempo de lectura\" \/>\n\t<meta name=\"twitter:data2\" content=\"3 minutos\" \/>\n<script type=\"application\/ld+json\" class=\"yoast-schema-graph\">{\"@context\":\"https:\\\/\\\/schema.org\",\"@graph\":[{\"@type\":\"Article\",\"@id\":\"https:\\\/\\\/vocesdelacomuna15.com.ar\\\/press\\\/atlanta-perdio-en-vicente-lopez-y-ahora-comparte-la-punta-en-la-primera-nacional\\\/#article\",\"isPartOf\":{\"@id\":\"https:\\\/\\\/vocesdelacomuna15.com.ar\\\/press\\\/atlanta-perdio-en-vicente-lopez-y-ahora-comparte-la-punta-en-la-primera-nacional\\\/\"},\"author\":{\"name\":\"Federico Arguto\",\"@id\":\"https:\\\/\\\/vocesdelacomuna15.com.ar\\\/press\\\/#\\\/schema\\\/person\\\/4739e109db25d799cd3d139eeb509e43\"},\"headline\":\"Atlanta perdi\u00f3 en Vicente L\u00f3pez y ahora comparte la punta en la Primera Nacional\",\"datePublished\":\"2019-12-04T15:49:25+00:00\",\"dateModified\":\"2020-05-02T12:47:50+00:00\",\"mainEntityOfPage\":{\"@id\":\"https:\\\/\\\/vocesdelacomuna15.com.ar\\\/press\\\/atlanta-perdio-en-vicente-lopez-y-ahora-comparte-la-punta-en-la-primera-nacional\\\/\"},\"wordCount\":520,\"commentCount\":0,\"publisher\":{\"@id\":\"https:\\\/\\\/vocesdelacomuna15.com.ar\\\/press\\\/#organization\"},\"image\":{\"@id\":\"https:\\\/\\\/vocesdelacomuna15.com.ar\\\/press\\\/atlanta-perdio-en-vicente-lopez-y-ahora-comparte-la-punta-en-la-primera-nacional\\\/#primaryimage\"},\"thumbnailUrl\":\"https:\\\/\\\/vocesdelacomuna15.com.ar\\\/wp-content\\\/uploads\\\/2020\\\/05\\\/TrinidadContraPlatense.jpg\",\"articleSection\":[\"Deportes\",\"Villa Crespo\"],\"inLanguage\":\"es-AR\",\"potentialAction\":[{\"@type\":\"CommentAction\",\"name\":\"Comment\",\"target\":[\"https:\\\/\\\/vocesdelacomuna15.com.ar\\\/press\\\/atlanta-perdio-en-vicente-lopez-y-ahora-comparte-la-punta-en-la-primera-nacional\\\/#respond\"]}]},{\"@type\":\"WebPage\",\"@id\":\"https:\\\/\\\/vocesdelacomuna15.com.ar\\\/press\\\/atlanta-perdio-en-vicente-lopez-y-ahora-comparte-la-punta-en-la-primera-nacional\\\/\",\"url\":\"https:\\\/\\\/vocesdelacomuna15.com.ar\\\/press\\\/atlanta-perdio-en-vicente-lopez-y-ahora-comparte-la-punta-en-la-primera-nacional\\\/\",\"name\":\"Atlanta perdi\u00f3 en Vicente L\u00f3pez y ahora comparte la punta en la Primera Nacional - Voces de la Comuna 15\",\"isPartOf\":{\"@id\":\"https:\\\/\\\/vocesdelacomuna15.com.ar\\\/press\\\/#website\"},\"primaryImageOfPage\":{\"@id\":\"https:\\\/\\\/vocesdelacomuna15.com.ar\\\/press\\\/atlanta-perdio-en-vicente-lopez-y-ahora-comparte-la-punta-en-la-primera-nacional\\\/#primaryimage\"},\"image\":{\"@id\":\"https:\\\/\\\/vocesdelacomuna15.com.ar\\\/press\\\/atlanta-perdio-en-vicente-lopez-y-ahora-comparte-la-punta-en-la-primera-nacional\\\/#primaryimage\"},\"thumbnailUrl\":\"https:\\\/\\\/vocesdelacomuna15.com.ar\\\/wp-content\\\/uploads\\\/2020\\\/05\\\/TrinidadContraPlatense.jpg\",\"datePublished\":\"2019-12-04T15:49:25+00:00\",\"dateModified\":\"2020-05-02T12:47:50+00:00\",\"description\":\"Voces de la Comuna 15\",\"breadcrumb\":{\"@id\":\"https:\\\/\\\/vocesdelacomuna15.com.ar\\\/press\\\/atlanta-perdio-en-vicente-lopez-y-ahora-comparte-la-punta-en-la-primera-nacional\\\/#breadcrumb\"},\"inLanguage\":\"es-AR\",\"potentialAction\":[{\"@type\":\"ReadAction\",\"target\":[\"https:\\\/\\\/vocesdelacomuna15.com.ar\\\/press\\\/atlanta-perdio-en-vicente-lopez-y-ahora-comparte-la-punta-en-la-primera-nacional\\\/\"]}]},{\"@type\":\"ImageObject\",\"inLanguage\":\"es-AR\",\"@id\":\"https:\\\/\\\/vocesdelacomuna15.com.ar\\\/press\\\/atlanta-perdio-en-vicente-lopez-y-ahora-comparte-la-punta-en-la-primera-nacional\\\/#primaryimage\",\"url\":\"https:\\\/\\\/vocesdelacomuna15.com.ar\\\/wp-content\\\/uploads\\\/2020\\\/05\\\/TrinidadContraPlatense.jpg\",\"contentUrl\":\"https:\\\/\\\/vocesdelacomuna15.com.ar\\\/wp-content\\\/uploads\\\/2020\\\/05\\\/TrinidadContraPlatense.jpg\",\"width\":826,\"height\":543},{\"@type\":\"BreadcrumbList\",\"@id\":\"https:\\\/\\\/vocesdelacomuna15.com.ar\\\/press\\\/atlanta-perdio-en-vicente-lopez-y-ahora-comparte-la-punta-en-la-primera-nacional\\\/#breadcrumb\",\"itemListElement\":[{\"@type\":\"ListItem\",\"position\":1,\"name\":\"Inicio\",\"item\":\"https:\\\/\\\/vocesdelacomuna15.com.ar\\\/press\\\/\"},{\"@type\":\"ListItem\",\"position\":2,\"name\":\"Atlanta perdi\u00f3 en Vicente L\u00f3pez y ahora comparte la punta en la Primera Nacional\"}]},{\"@type\":\"WebSite\",\"@id\":\"https:\\\/\\\/vocesdelacomuna15.com.ar\\\/press\\\/#website\",\"url\":\"https:\\\/\\\/vocesdelacomuna15.com.ar\\\/press\\\/\",\"name\":\"Voces de la Comuna 15\",\"description\":\"Sitio web de noticias\",\"publisher\":{\"@id\":\"https:\\\/\\\/vocesdelacomuna15.com.ar\\\/press\\\/#organization\"},\"potentialAction\":[{\"@type\":\"SearchAction\",\"target\":{\"@type\":\"EntryPoint\",\"urlTemplate\":\"https:\\\/\\\/vocesdelacomuna15.com.ar\\\/press\\\/?s={search_term_string}\"},\"query-input\":{\"@type\":\"PropertyValueSpecification\",\"valueRequired\":true,\"valueName\":\"search_term_string\"}}],\"inLanguage\":\"es-AR\"},{\"@type\":\"Organization\",\"@id\":\"https:\\\/\\\/vocesdelacomuna15.com.ar\\\/press\\\/#organization\",\"name\":\"Voces de la Comuna 15\",\"url\":\"https:\\\/\\\/vocesdelacomuna15.com.ar\\\/press\\\/\",\"logo\":{\"@type\":\"ImageObject\",\"inLanguage\":\"es-AR\",\"@id\":\"https:\\\/\\\/vocesdelacomuna15.com.ar\\\/press\\\/#\\\/schema\\\/logo\\\/image\\\/\",\"url\":\"https:\\\/\\\/vocesdelacomuna15.com.ar\\\/wp-content\\\/uploads\\\/2024\\\/12\\\/cropped-logo_voces.jpg\",\"contentUrl\":\"https:\\\/\\\/vocesdelacomuna15.com.ar\\\/wp-content\\\/uploads\\\/2024\\\/12\\\/cropped-logo_voces.jpg\",\"width\":512,\"height\":512,\"caption\":\"Voces de la Comuna 15\"},\"image\":{\"@id\":\"https:\\\/\\\/vocesdelacomuna15.com.ar\\\/press\\\/#\\\/schema\\\/logo\\\/image\\\/\"},\"sameAs\":[\"https:\\\/\\\/www.facebook.com\\\/VocesComuna15\\\/\",\"https:\\\/\\\/x.com\\\/vocescomuna15\"]},{\"@type\":\"Person\",\"@id\":\"https:\\\/\\\/vocesdelacomuna15.com.ar\\\/press\\\/#\\\/schema\\\/person\\\/4739e109db25d799cd3d139eeb509e43\",\"name\":\"Federico Arguto\",\"image\":{\"@type\":\"ImageObject\",\"inLanguage\":\"es-AR\",\"@id\":\"https:\\\/\\\/vocesdelacomuna15.com.ar\\\/wp-content\\\/litespeed\\\/avatar\\\/82faf979976f1bae889b8b71f8a0a7e5.jpg?ver=1777419741\",\"url\":\"https:\\\/\\\/vocesdelacomuna15.com.ar\\\/wp-content\\\/litespeed\\\/avatar\\\/82faf979976f1bae889b8b71f8a0a7e5.jpg?ver=1777419741\",\"contentUrl\":\"https:\\\/\\\/vocesdelacomuna15.com.ar\\\/wp-content\\\/litespeed\\\/avatar\\\/82faf979976f1bae889b8b71f8a0a7e5.jpg?ver=1777419741\",\"caption\":\"Federico Arguto\"},\"url\":\"https:\\\/\\\/vocesdelacomuna15.com.ar\\\/press\\\/author\\\/fede\\\/\"}]}<\/script>\n<!-- \/ Yoast SEO plugin. -->","yoast_head_json":{"title":"Atlanta perdi\u00f3 en Vicente L\u00f3pez y ahora comparte la punta en la Primera Nacional - Voces de la Comuna 15","description":"Voces de la Comuna 15","robots":{"index":"index","follow":"follow","max-snippet":"max-snippet:-1","max-image-preview":"max-image-preview:large","max-video-preview":"max-video-preview:-1"},"canonical":"https:\/\/vocesdelacomuna15.com.ar\/press\/atlanta-perdio-en-vicente-lopez-y-ahora-comparte-la-punta-en-la-primera-nacional\/","og_locale":"es_ES","og_type":"article","og_title":"Atlanta perdi\u00f3 en Vicente L\u00f3pez y ahora comparte la punta en la Primera Nacional - Voces de la Comuna 15","og_description":"Voces de la Comuna 15","og_url":"https:\/\/vocesdelacomuna15.com.ar\/press\/atlanta-perdio-en-vicente-lopez-y-ahora-comparte-la-punta-en-la-primera-nacional\/","og_site_name":"Voces de la Comuna 15","article_publisher":"https:\/\/www.facebook.com\/VocesComuna15\/","article_published_time":"2019-12-04T15:49:25+00:00","article_modified_time":"2020-05-02T12:47:50+00:00","og_image":[{"width":826,"height":543,"url":"https:\/\/vocesdelacomuna15.com.ar\/wp-content\/uploads\/2020\/05\/TrinidadContraPlatense.jpg","type":"image\/jpeg"}],"author":"Federico Arguto","twitter_card":"summary_large_image","twitter_creator":"@vocescomuna15","twitter_site":"@vocescomuna15","twitter_misc":{"Escrito por":"Federico Arguto","Tiempo de lectura":"3 minutos"},"schema":{"@context":"https:\/\/schema.org","@graph":[{"@type":"Article","@id":"https:\/\/vocesdelacomuna15.com.ar\/press\/atlanta-perdio-en-vicente-lopez-y-ahora-comparte-la-punta-en-la-primera-nacional\/#article","isPartOf":{"@id":"https:\/\/vocesdelacomuna15.com.ar\/press\/atlanta-perdio-en-vicente-lopez-y-ahora-comparte-la-punta-en-la-primera-nacional\/"},"author":{"name":"Federico Arguto","@id":"https:\/\/vocesdelacomuna15.com.ar\/press\/#\/schema\/person\/4739e109db25d799cd3d139eeb509e43"},"headline":"Atlanta perdi\u00f3 en Vicente L\u00f3pez y ahora comparte la punta en la Primera Nacional","datePublished":"2019-12-04T15:49:25+00:00","dateModified":"2020-05-02T12:47:50+00:00","mainEntityOfPage":{"@id":"https:\/\/vocesdelacomuna15.com.ar\/press\/atlanta-perdio-en-vicente-lopez-y-ahora-comparte-la-punta-en-la-primera-nacional\/"},"wordCount":520,"commentCount":0,"publisher":{"@id":"https:\/\/vocesdelacomuna15.com.ar\/press\/#organization"},"image":{"@id":"https:\/\/vocesdelacomuna15.com.ar\/press\/atlanta-perdio-en-vicente-lopez-y-ahora-comparte-la-punta-en-la-primera-nacional\/#primaryimage"},"thumbnailUrl":"https:\/\/vocesdelacomuna15.com.ar\/wp-content\/uploads\/2020\/05\/TrinidadContraPlatense.jpg","articleSection":["Deportes","Villa Crespo"],"inLanguage":"es-AR","potentialAction":[{"@type":"CommentAction","name":"Comment","target":["https:\/\/vocesdelacomuna15.com.ar\/press\/atlanta-perdio-en-vicente-lopez-y-ahora-comparte-la-punta-en-la-primera-nacional\/#respond"]}]},{"@type":"WebPage","@id":"https:\/\/vocesdelacomuna15.com.ar\/press\/atlanta-perdio-en-vicente-lopez-y-ahora-comparte-la-punta-en-la-primera-nacional\/","url":"https:\/\/vocesdelacomuna15.com.ar\/press\/atlanta-perdio-en-vicente-lopez-y-ahora-comparte-la-punta-en-la-primera-nacional\/","name":"Atlanta perdi\u00f3 en Vicente L\u00f3pez y ahora comparte la punta en la Primera Nacional - Voces de la Comuna 15","isPartOf":{"@id":"https:\/\/vocesdelacomuna15.com.ar\/press\/#website"},"primaryImageOfPage":{"@id":"https:\/\/vocesdelacomuna15.com.ar\/press\/atlanta-perdio-en-vicente-lopez-y-ahora-comparte-la-punta-en-la-primera-nacional\/#primaryimage"},"image":{"@id":"https:\/\/vocesdelacomuna15.com.ar\/press\/atlanta-perdio-en-vicente-lopez-y-ahora-comparte-la-punta-en-la-primera-nacional\/#primaryimage"},"thumbnailUrl":"https:\/\/vocesdelacomuna15.com.ar\/wp-content\/uploads\/2020\/05\/TrinidadContraPlatense.jpg","datePublished":"2019-12-04T15:49:25+00:00","dateModified":"2020-05-02T12:47:50+00:00","description":"Voces de la Comuna 15","breadcrumb":{"@id":"https:\/\/vocesdelacomuna15.com.ar\/press\/atlanta-perdio-en-vicente-lopez-y-ahora-comparte-la-punta-en-la-primera-nacional\/#breadcrumb"},"inLanguage":"es-AR","potentialAction":[{"@type":"ReadAction","target":["https:\/\/vocesdelacomuna15.com.ar\/press\/atlanta-perdio-en-vicente-lopez-y-ahora-comparte-la-punta-en-la-primera-nacional\/"]}]},{"@type":"ImageObject","inLanguage":"es-AR","@id":"https:\/\/vocesdelacomuna15.com.ar\/press\/atlanta-perdio-en-vicente-lopez-y-ahora-comparte-la-punta-en-la-primera-nacional\/#primaryimage","url":"https:\/\/vocesdelacomuna15.com.ar\/wp-content\/uploads\/2020\/05\/TrinidadContraPlatense.jpg","contentUrl":"https:\/\/vocesdelacomuna15.com.ar\/wp-content\/uploads\/2020\/05\/TrinidadContraPlatense.jpg","width":826,"height":543},{"@type":"BreadcrumbList","@id":"https:\/\/vocesdelacomuna15.com.ar\/press\/atlanta-perdio-en-vicente-lopez-y-ahora-comparte-la-punta-en-la-primera-nacional\/#breadcrumb","itemListElement":[{"@type":"ListItem","position":1,"name":"Inicio","item":"https:\/\/vocesdelacomuna15.com.ar\/press\/"},{"@type":"ListItem","position":2,"name":"Atlanta perdi\u00f3 en Vicente L\u00f3pez y ahora comparte la punta en la Primera Nacional"}]},{"@type":"WebSite","@id":"https:\/\/vocesdelacomuna15.com.ar\/press\/#website","url":"https:\/\/vocesdelacomuna15.com.ar\/press\/","name":"Voces de la Comuna 15","description":"Sitio web de noticias","publisher":{"@id":"https:\/\/vocesdelacomuna15.com.ar\/press\/#organization"},"potentialAction":[{"@type":"SearchAction","target":{"@type":"EntryPoint","urlTemplate":"https:\/\/vocesdelacomuna15.com.ar\/press\/?s={search_term_string}"},"query-input":{"@type":"PropertyValueSpecification","valueRequired":true,"valueName":"search_term_string"}}],"inLanguage":"es-AR"},{"@type":"Organization","@id":"https:\/\/vocesdelacomuna15.com.ar\/press\/#organization","name":"Voces de la Comuna 15","url":"https:\/\/vocesdelacomuna15.com.ar\/press\/","logo":{"@type":"ImageObject","inLanguage":"es-AR","@id":"https:\/\/vocesdelacomuna15.com.ar\/press\/#\/schema\/logo\/image\/","url":"https:\/\/vocesdelacomuna15.com.ar\/wp-content\/uploads\/2024\/12\/cropped-logo_voces.jpg","contentUrl":"https:\/\/vocesdelacomuna15.com.ar\/wp-content\/uploads\/2024\/12\/cropped-logo_voces.jpg","width":512,"height":512,"caption":"Voces de la Comuna 15"},"image":{"@id":"https:\/\/vocesdelacomuna15.com.ar\/press\/#\/schema\/logo\/image\/"},"sameAs":["https:\/\/www.facebook.com\/VocesComuna15\/","https:\/\/x.com\/vocescomuna15"]},{"@type":"Person","@id":"https:\/\/vocesdelacomuna15.com.ar\/press\/#\/schema\/person\/4739e109db25d799cd3d139eeb509e43","name":"Federico Arguto","image":{"@type":"ImageObject","inLanguage":"es-AR","@id":"https:\/\/vocesdelacomuna15.com.ar\/wp-content\/litespeed\/avatar\/82faf979976f1bae889b8b71f8a0a7e5.jpg?ver=1777419741","url":"https:\/\/vocesdelacomuna15.com.ar\/wp-content\/litespeed\/avatar\/82faf979976f1bae889b8b71f8a0a7e5.jpg?ver=1777419741","contentUrl":"https:\/\/vocesdelacomuna15.com.ar\/wp-content\/litespeed\/avatar\/82faf979976f1bae889b8b71f8a0a7e5.jpg?ver=1777419741","caption":"Federico Arguto"},"url":"https:\/\/vocesdelacomuna15.com.ar\/press\/author\/fede\/"}]}},"_links":{"self":[{"href":"https:\/\/vocesdelacomuna15.com.ar\/press\/wp-json\/wp\/v2\/posts\/51847","targetHints":{"allow":["GET"]}}],"collection":[{"href":"https:\/\/vocesdelacomuna15.com.ar\/press\/wp-json\/wp\/v2\/posts"}],"about":[{"href":"https:\/\/vocesdelacomuna15.com.ar\/press\/wp-json\/wp\/v2\/types\/post"}],"author":[{"embeddable":true,"href":"https:\/\/vocesdelacomuna15.com.ar\/press\/wp-json\/wp\/v2\/users\/2"}],"replies":[{"embeddable":true,"href":"https:\/\/vocesdelacomuna15.com.ar\/press\/wp-json\/wp\/v2\/comments?post=51847"}],"version-history":[{"count":1,"href":"https:\/\/vocesdelacomuna15.com.ar\/press\/wp-json\/wp\/v2\/posts\/51847\/revisions"}],"predecessor-version":[{"id":51849,"href":"https:\/\/vocesdelacomuna15.com.ar\/press\/wp-json\/wp\/v2\/posts\/51847\/revisions\/51849"}],"wp:featuredmedia":[{"embeddable":true,"href":"https:\/\/vocesdelacomuna15.com.ar\/press\/wp-json\/wp\/v2\/media\/51848"}],"wp:attachment":[{"href":"https:\/\/vocesdelacomuna15.com.ar\/press\/wp-json\/wp\/v2\/media?parent=51847"}],"wp:term":[{"taxonomy":"category","embeddable":true,"href":"https:\/\/vocesdelacomuna15.com.ar\/press\/wp-json\/wp\/v2\/categories?post=51847"},{"taxonomy":"post_tag","embeddable":true,"href":"https:\/\/vocesdelacomuna15.com.ar\/press\/wp-json\/wp\/v2\/tags?post=51847"}],"curies":[{"name":"wp","href":"https:\/\/api.w.org\/{rel}","templated":true}]}}