{"id":51838,"date":"2019-12-02T09:50:51","date_gmt":"2019-12-02T12:50:51","guid":{"rendered":"http:\/\/vocesdelacomuna15.com.ar\/wordpress\/?p=51838"},"modified":"2020-05-02T09:39:49","modified_gmt":"2020-05-02T12:39:49","slug":"los-fundamentalistas-del-aire-acondicionado-en-el-malvinas-ceremonia-ricotera-solidaria","status":"publish","type":"post","link":"https:\/\/vocesdelacomuna15.com.ar\/press\/los-fundamentalistas-del-aire-acondicionado-en-el-malvinas-ceremonia-ricotera-solidaria\/","title":{"rendered":"Los fundamentalistas del aire acondicionado en el Malvinas: ceremonia ricotera solidaria"},"content":{"rendered":"\n<h4 class=\"wp-block-heading\">Con el Indio Solari como invitado \u201cvirtual\u201d. La iniciativa de la banda del ex Redonditos de Ricota para recaudar fondos para el baterista Mart\u00edn Carrizo convoc\u00f3 a una multitud en una noche emotiva. Fuente: Clar\u00edn<\/h4>\n\n\n\n<p>La causa es noble y, como era de esperar, la convocatoria impulsada por Los fundamentalistas del aire acondicionado trascendi\u00f3 a la comunidad ricotera y unas 13.000 personas se dieron cita desde temprano, esta s\u00e1bado 30 de noviembre, en el Estadio Malvinas Argentinas, en La Paternal, para colaborar con Mart\u00edn Carrizo, baterista hist\u00f3rico de la banda que acompa\u00f1a al Indio Solari, y que tambi\u00e9n toc\u00f3 con A.N.I.M.A.L., Gustavo Cerati y Walter Giardino, quien necesita recaudar los fondos suficientes que le permitan acceder a un costoso tratamiento contra el ELA (Esclerosis Lateral Amiotr\u00f3fica), la enfermedad neurodegenerativa progresiva, que afecta a las neuronas motoras del cerebro y la m\u00e9dula espinal, y que contra la que el m\u00fasico viene peleando desde hace algo m\u00e1s de dos a\u00f1os. En ese marco, durante dos horas y media, la banda del Indio Solari despleg\u00f3 todo su repertorio, en un concierto que arranc\u00f3 casi una hora despu\u00e9s de lo previsto y que se extendi\u00f3 hasta la medianoche. En total, fueron 26 temas; la mayor\u00eda, por supuesto, de los Redonditos de Ricota, y unos cuantos de la etapa solista del Indio. Y aunque f\u00edsicamente ausente, la presencia del Indio se hizo sentir a trav\u00e9s de dos temas grabados con anterioridad por el cantante, cuya imagen y voz aparecieron desde la pantalla del escenario cerca del final, para Nuestro amo juega al esclavo, y se prolong\u00f3 durante Un angel para tu soledad, en uno de los momentos m\u00e1s destacados de la noche. Precisamente, el ex l\u00edder de Los Redondos fue uno de los que sum\u00f3 su aporte a la convocatoria: su cuenta @indiosolarioficial de Instagram fue creada con este prop\u00f3sito y super\u00f3 los 90.000 seguidores en apenas 48 horas. Quien tambi\u00e9n dio su &#8220;presente&#8221; y fue recibida con una bienvenida conmovedora fue Cecilia \u201cCaramelito Carrizo\u201d, hermana de Martin y una de las organizadoras del recital ben\u00e9fico, quien estremeci\u00f3 al p\u00fablico con sus palabras. \u201cLa motivaci\u00f3n de este \u00faltimo tiempo, para m\u00ed, es Mart\u00edn. Y con esta fuerza que le est\u00e1n dando, les aseguro que trasciende los cielos, el continente, trasciende todo. La pr\u00f3xima vez que est\u00e9 tocando los va a tener a ustedes ah\u00ed\u201d, dijo. Y continu\u00f3: \u201cCre\u00eda que \u00e9ramos dos: \u00e9l y yo. Pero ac\u00e1 est\u00e1n sus hermanos. (Los Fundamentalistas) son la mejor banda del mundo. Y cada uno de ellos les aseguro que es un hermano para Martin y es una motivaci\u00f3n m\u00e1s para seguir. Son sus compa\u00f1eros, sus hermanos. Les agradezco todo lo posible que est\u00e1n haciendo para que esto sea tan especial para Mart\u00edn. Esta fuerza y este amor es absolutamente purificador y toda esta fuerza; y que todo este amor y toda esta sanaci\u00f3n se vuelva sobre cada uno de ustedes\u201d. La respuesta fue inmediata. El \u00a1Ol\u00e9, Ol\u00e9 Ol\u00e9, Mart\u00edn, Mart\u00edn! atron\u00f3 el Malvinas. En lo estrictamente musical, Gaspar Benegas tom\u00f3 la voz de mando en varios pasajes del recital, escoltado por su guitarra m\u00e1gica. Arranc\u00f3 con Luzbelito y las sirenas y continu\u00f3 con Martinis y Tafiroles, de Porco Rex. La fiesta continu\u00f3 en su pico m\u00e1s alto con Yo Canibal y Tarea Fina, ahora con Pablo Sbaraglia como vocalista, tambi\u00e9n acompa\u00f1ado por el trompetista Baltazar Colombo como primer invitado. Otro Baltasar, pero en este caso con \u201ds\u201d y guitarrista, le puso voz a Ropa Sucia y Gran Lady. Para Masacre en el Puticlub, a Comotto se sum\u00f3 otro invitado de lujo: Lito Vitale, quien trabaj\u00f3 en con los Redonditos en su disco Oktubre. \u201cLito fue uno de los primeros que crey\u00f3 en esta banda, y siempre nos apoy\u00f3\u201d, enfatiz\u00f3 Gaspar Benegas. El pogo ricotero se tom\u00f3 un respiro cuando a las el\u00e9ctricas de Benegas, Comotto se sum\u00f3 la ac\u00fastica de Emiliano S\u00e1ez. Adem\u00e1s, el bajo de Fernando Nal\u00e9 sonaba a la perfecci\u00f3n mientras que el piano de Sbaraglia y los teclados de Axel Land aportaban a la secci\u00f3n mel\u00f3dica del combo. La banda se complet\u00f3 con la dulce voz de Luciana Palacios como corista. Sobre esa base, tambi\u00e9n pas\u00f3 por el escenario Sergio Dawi, ex saxofonista de Patricio Rey y sus Redonditos de Ricota, para Mariposa Pontiac, y Pablo Sbaraglia volvi\u00f3 a tomar el micr\u00f3fono en Ped\u00edas siempre temas en la radio. A su turno, S\u00e1ez se hizo cargo de Todos a los botes, mientras la bandera Wiphala monopolizaba la pantalla, en alusi\u00f3n a la grave crisis pol\u00edtica en Bolivia. Hubo tambi\u00e9n un espacio para las dedicatorias, y para que el p\u00fablico hiciera de El arte del buen comer una ceremonia coral, y abriera la puerta para una muy bien lograda versi\u00f3n ac\u00fastica de Etiqueta negra, de Lobo Suelto, de Los Redondos, interpretada por Benegas, hasta que nuevamente Los fundamentalistas a pleno volvieron levantar al p\u00fablico con La hija del fletero. Y enseguida Luciana Palacios se llev\u00f3 una ovaci\u00f3n con Honolulu, recordado tema blusero de los Redonditos, de los a\u00f1os \u201970, que no fue incluido en ning\u00fan \u00e1lbum del grupo. Hubo a\u00fan m\u00e1s. Gaspar volvi\u00f3 a brillar con su voz en Esa estrella era mi lujo, antes de la tr\u00edada El tesoro de los inocentes, Pabell\u00f3n s\u00e9ptimo y To Beef or not to Beef, del primer \u00e1lbum del Indio y los fundamentalistas del aire acondicionado, como pr\u00f3logo de los bises, dos hitazos ricoteros tan esperados como Juguetes Perdidos, interpretado por Gaspar, y Vamos las bandas, con la voz de Fernando Nal\u00e9, seguidos por Flight 956. Finalmente, el cierre fue con Jijiji. El himno de los Redonditos de ricota, fue la excusa para coronar el encuentro a puro pogo ricotero por una causa que seguramente seguir\u00e1 convocando voluntades con el objetivo de que Mart\u00edn Carrizo pueda abordar el tratamiento que tanto necesita. T\u00edtulo original nota Clar\u00edn: Los fundamentalistas del aire acondicionado en el Malvinas: ceremonia ricotera solidaria con el Indio Solari como invitado \u201cvirtual\u201d Caracteres: 5.596 Fuente y Foto: Clar\u00edn<br><\/p>\n<div class=\"pvc_clear\"><\/div><p id=\"pvc_stats_51838\" class=\"pvc_stats all  \" data-element-id=\"51838\" style=\"\"><i class=\"pvc-stats-icon small\" aria-hidden=\"true\"><svg aria-hidden=\"true\" focusable=\"false\" data-prefix=\"far\" data-icon=\"chart-bar\" role=\"img\" xmlns=\"http:\/\/www.w3.org\/2000\/svg\" viewBox=\"0 0 512 512\" class=\"svg-inline--fa fa-chart-bar fa-w-16 fa-2x\"><path fill=\"currentColor\" d=\"M396.8 352h22.4c6.4 0 12.8-6.4 12.8-12.8V108.8c0-6.4-6.4-12.8-12.8-12.8h-22.4c-6.4 0-12.8 6.4-12.8 12.8v230.4c0 6.4 6.4 12.8 12.8 12.8zm-192 0h22.4c6.4 0 12.8-6.4 12.8-12.8V140.8c0-6.4-6.4-12.8-12.8-12.8h-22.4c-6.4 0-12.8 6.4-12.8 12.8v198.4c0 6.4 6.4 12.8 12.8 12.8zm96 0h22.4c6.4 0 12.8-6.4 12.8-12.8V204.8c0-6.4-6.4-12.8-12.8-12.8h-22.4c-6.4 0-12.8 6.4-12.8 12.8v134.4c0 6.4 6.4 12.8 12.8 12.8zM496 400H48V80c0-8.84-7.16-16-16-16H16C7.16 64 0 71.16 0 80v336c0 17.67 14.33 32 32 32h464c8.84 0 16-7.16 16-16v-16c0-8.84-7.16-16-16-16zm-387.2-48h22.4c6.4 0 12.8-6.4 12.8-12.8v-70.4c0-6.4-6.4-12.8-12.8-12.8h-22.4c-6.4 0-12.8 6.4-12.8 12.8v70.4c0 6.4 6.4 12.8 12.8 12.8z\" class=\"\"><\/path><\/svg><\/i> <img loading=\"lazy\" decoding=\"async\" width=\"16\" height=\"16\" alt=\"Loading\" src=\"https:\/\/vocesdelacomuna15.com.ar\/wp-content\/plugins\/page-views-count\/ajax-loader-2x.gif\" border=0 \/><\/p><div class=\"pvc_clear\"><\/div>","protected":false},"excerpt":{"rendered":"<p>Con el Indio Solari como invitado \u201cvirtual\u201d. La iniciativa de la banda del ex Redonditos de Ricota para recaudar fondos para el baterista Mart\u00edn Carrizo convoc\u00f3 a una multitud en una noche emotiva. Fuente: Clar\u00edn La causa es noble y, como era de esperar, la convocatoria impulsada por Los fundamentalistas del aire acondicionado trascendi\u00f3 a [&hellip;]<\/p>\n<div class=\"pvc_clear\"><\/div>\n<p id=\"pvc_stats_51838\" class=\"pvc_stats all  \" data-element-id=\"51838\" style=\"\"><i class=\"pvc-stats-icon small\" aria-hidden=\"true\"><svg aria-hidden=\"true\" focusable=\"false\" data-prefix=\"far\" data-icon=\"chart-bar\" role=\"img\" xmlns=\"http:\/\/www.w3.org\/2000\/svg\" viewBox=\"0 0 512 512\" class=\"svg-inline--fa fa-chart-bar fa-w-16 fa-2x\"><path fill=\"currentColor\" d=\"M396.8 352h22.4c6.4 0 12.8-6.4 12.8-12.8V108.8c0-6.4-6.4-12.8-12.8-12.8h-22.4c-6.4 0-12.8 6.4-12.8 12.8v230.4c0 6.4 6.4 12.8 12.8 12.8zm-192 0h22.4c6.4 0 12.8-6.4 12.8-12.8V140.8c0-6.4-6.4-12.8-12.8-12.8h-22.4c-6.4 0-12.8 6.4-12.8 12.8v198.4c0 6.4 6.4 12.8 12.8 12.8zm96 0h22.4c6.4 0 12.8-6.4 12.8-12.8V204.8c0-6.4-6.4-12.8-12.8-12.8h-22.4c-6.4 0-12.8 6.4-12.8 12.8v134.4c0 6.4 6.4 12.8 12.8 12.8zM496 400H48V80c0-8.84-7.16-16-16-16H16C7.16 64 0 71.16 0 80v336c0 17.67 14.33 32 32 32h464c8.84 0 16-7.16 16-16v-16c0-8.84-7.16-16-16-16zm-387.2-48h22.4c6.4 0 12.8-6.4 12.8-12.8v-70.4c0-6.4-6.4-12.8-12.8-12.8h-22.4c-6.4 0-12.8 6.4-12.8 12.8v70.4c0 6.4 6.4 12.8 12.8 12.8z\" class=\"\"><\/path><\/svg><\/i> <img loading=\"lazy\" decoding=\"async\" width=\"16\" height=\"16\" alt=\"Loading\" src=\"https:\/\/vocesdelacomuna15.com.ar\/wp-content\/plugins\/page-views-count\/ajax-loader-2x.gif\" border=0 \/><\/p>\n<div class=\"pvc_clear\"><\/div>\n","protected":false},"author":2,"featured_media":51839,"comment_status":"open","ping_status":"open","sticky":false,"template":"","format":"standard","meta":{"_et_pb_use_builder":"off","_et_pb_old_content":"","_et_gb_content_width":"","footnotes":""},"categories":[24],"tags":[],"class_list":["post-51838","post","type-post","status-publish","format-standard","has-post-thumbnail","hentry","category-cultura","et-has-post-format-content","et_post_format-et-post-format-standard"],"a3_pvc":{"activated":true,"total_views":181,"today_views":0},"yoast_head":"<!-- This site is optimized with the Yoast SEO plugin v27.5 - https:\/\/yoast.com\/product\/yoast-seo-wordpress\/ -->\n<title>Los fundamentalistas del aire acondicionado en el Malvinas: ceremonia ricotera solidaria - Voces de la Comuna 15<\/title>\n<meta name=\"description\" content=\"Voces de la Comuna 15\" \/>\n<meta name=\"robots\" content=\"index, follow, max-snippet:-1, max-image-preview:large, max-video-preview:-1\" \/>\n<link rel=\"canonical\" href=\"https:\/\/vocesdelacomuna15.com.ar\/press\/los-fundamentalistas-del-aire-acondicionado-en-el-malvinas-ceremonia-ricotera-solidaria\/\" \/>\n<meta property=\"og:locale\" content=\"es_ES\" \/>\n<meta property=\"og:type\" content=\"article\" \/>\n<meta property=\"og:title\" content=\"Los fundamentalistas del aire acondicionado en el Malvinas: ceremonia ricotera solidaria - Voces de la Comuna 15\" \/>\n<meta property=\"og:description\" content=\"Voces de la Comuna 15\" \/>\n<meta property=\"og:url\" content=\"https:\/\/vocesdelacomuna15.com.ar\/press\/los-fundamentalistas-del-aire-acondicionado-en-el-malvinas-ceremonia-ricotera-solidaria\/\" \/>\n<meta property=\"og:site_name\" content=\"Voces de la Comuna 15\" \/>\n<meta property=\"article:publisher\" content=\"https:\/\/www.facebook.com\/VocesComuna15\/\" \/>\n<meta property=\"article:published_time\" content=\"2019-12-02T12:50:51+00:00\" \/>\n<meta property=\"article:modified_time\" content=\"2020-05-02T12:39:49+00:00\" \/>\n<meta property=\"og:image\" content=\"https:\/\/vocesdelacomuna15.com.ar\/wp-content\/uploads\/2020\/05\/indio1122019.png\" \/>\n\t<meta property=\"og:image:width\" content=\"945\" \/>\n\t<meta property=\"og:image:height\" content=\"616\" \/>\n\t<meta property=\"og:image:type\" content=\"image\/png\" \/>\n<meta name=\"author\" content=\"Federico Arguto\" \/>\n<meta name=\"twitter:card\" content=\"summary_large_image\" \/>\n<meta name=\"twitter:creator\" content=\"@vocescomuna15\" \/>\n<meta name=\"twitter:site\" content=\"@vocescomuna15\" \/>\n<meta name=\"twitter:label1\" content=\"Escrito por\" \/>\n\t<meta name=\"twitter:data1\" content=\"Federico Arguto\" \/>\n\t<meta name=\"twitter:label2\" content=\"Tiempo de lectura\" \/>\n\t<meta name=\"twitter:data2\" content=\"5 minutos\" \/>\n<script type=\"application\/ld+json\" class=\"yoast-schema-graph\">{\"@context\":\"https:\\\/\\\/schema.org\",\"@graph\":[{\"@type\":\"Article\",\"@id\":\"https:\\\/\\\/vocesdelacomuna15.com.ar\\\/press\\\/los-fundamentalistas-del-aire-acondicionado-en-el-malvinas-ceremonia-ricotera-solidaria\\\/#article\",\"isPartOf\":{\"@id\":\"https:\\\/\\\/vocesdelacomuna15.com.ar\\\/press\\\/los-fundamentalistas-del-aire-acondicionado-en-el-malvinas-ceremonia-ricotera-solidaria\\\/\"},\"author\":{\"name\":\"Federico Arguto\",\"@id\":\"https:\\\/\\\/vocesdelacomuna15.com.ar\\\/press\\\/#\\\/schema\\\/person\\\/4739e109db25d799cd3d139eeb509e43\"},\"headline\":\"Los fundamentalistas del aire acondicionado en el Malvinas: ceremonia ricotera solidaria\",\"datePublished\":\"2019-12-02T12:50:51+00:00\",\"dateModified\":\"2020-05-02T12:39:49+00:00\",\"mainEntityOfPage\":{\"@id\":\"https:\\\/\\\/vocesdelacomuna15.com.ar\\\/press\\\/los-fundamentalistas-del-aire-acondicionado-en-el-malvinas-ceremonia-ricotera-solidaria\\\/\"},\"wordCount\":1069,\"commentCount\":0,\"publisher\":{\"@id\":\"https:\\\/\\\/vocesdelacomuna15.com.ar\\\/press\\\/#organization\"},\"image\":{\"@id\":\"https:\\\/\\\/vocesdelacomuna15.com.ar\\\/press\\\/los-fundamentalistas-del-aire-acondicionado-en-el-malvinas-ceremonia-ricotera-solidaria\\\/#primaryimage\"},\"thumbnailUrl\":\"https:\\\/\\\/vocesdelacomuna15.com.ar\\\/wp-content\\\/uploads\\\/2020\\\/05\\\/indio1122019.png\",\"articleSection\":[\"Cultura\"],\"inLanguage\":\"es-AR\",\"potentialAction\":[{\"@type\":\"CommentAction\",\"name\":\"Comment\",\"target\":[\"https:\\\/\\\/vocesdelacomuna15.com.ar\\\/press\\\/los-fundamentalistas-del-aire-acondicionado-en-el-malvinas-ceremonia-ricotera-solidaria\\\/#respond\"]}]},{\"@type\":\"WebPage\",\"@id\":\"https:\\\/\\\/vocesdelacomuna15.com.ar\\\/press\\\/los-fundamentalistas-del-aire-acondicionado-en-el-malvinas-ceremonia-ricotera-solidaria\\\/\",\"url\":\"https:\\\/\\\/vocesdelacomuna15.com.ar\\\/press\\\/los-fundamentalistas-del-aire-acondicionado-en-el-malvinas-ceremonia-ricotera-solidaria\\\/\",\"name\":\"Los fundamentalistas del aire acondicionado en el Malvinas: ceremonia ricotera solidaria - Voces de la Comuna 15\",\"isPartOf\":{\"@id\":\"https:\\\/\\\/vocesdelacomuna15.com.ar\\\/press\\\/#website\"},\"primaryImageOfPage\":{\"@id\":\"https:\\\/\\\/vocesdelacomuna15.com.ar\\\/press\\\/los-fundamentalistas-del-aire-acondicionado-en-el-malvinas-ceremonia-ricotera-solidaria\\\/#primaryimage\"},\"image\":{\"@id\":\"https:\\\/\\\/vocesdelacomuna15.com.ar\\\/press\\\/los-fundamentalistas-del-aire-acondicionado-en-el-malvinas-ceremonia-ricotera-solidaria\\\/#primaryimage\"},\"thumbnailUrl\":\"https:\\\/\\\/vocesdelacomuna15.com.ar\\\/wp-content\\\/uploads\\\/2020\\\/05\\\/indio1122019.png\",\"datePublished\":\"2019-12-02T12:50:51+00:00\",\"dateModified\":\"2020-05-02T12:39:49+00:00\",\"description\":\"Voces de la Comuna 15\",\"breadcrumb\":{\"@id\":\"https:\\\/\\\/vocesdelacomuna15.com.ar\\\/press\\\/los-fundamentalistas-del-aire-acondicionado-en-el-malvinas-ceremonia-ricotera-solidaria\\\/#breadcrumb\"},\"inLanguage\":\"es-AR\",\"potentialAction\":[{\"@type\":\"ReadAction\",\"target\":[\"https:\\\/\\\/vocesdelacomuna15.com.ar\\\/press\\\/los-fundamentalistas-del-aire-acondicionado-en-el-malvinas-ceremonia-ricotera-solidaria\\\/\"]}]},{\"@type\":\"ImageObject\",\"inLanguage\":\"es-AR\",\"@id\":\"https:\\\/\\\/vocesdelacomuna15.com.ar\\\/press\\\/los-fundamentalistas-del-aire-acondicionado-en-el-malvinas-ceremonia-ricotera-solidaria\\\/#primaryimage\",\"url\":\"https:\\\/\\\/vocesdelacomuna15.com.ar\\\/wp-content\\\/uploads\\\/2020\\\/05\\\/indio1122019.png\",\"contentUrl\":\"https:\\\/\\\/vocesdelacomuna15.com.ar\\\/wp-content\\\/uploads\\\/2020\\\/05\\\/indio1122019.png\",\"width\":945,\"height\":616},{\"@type\":\"BreadcrumbList\",\"@id\":\"https:\\\/\\\/vocesdelacomuna15.com.ar\\\/press\\\/los-fundamentalistas-del-aire-acondicionado-en-el-malvinas-ceremonia-ricotera-solidaria\\\/#breadcrumb\",\"itemListElement\":[{\"@type\":\"ListItem\",\"position\":1,\"name\":\"Inicio\",\"item\":\"https:\\\/\\\/vocesdelacomuna15.com.ar\\\/press\\\/\"},{\"@type\":\"ListItem\",\"position\":2,\"name\":\"Los fundamentalistas del aire acondicionado en el Malvinas: ceremonia ricotera solidaria\"}]},{\"@type\":\"WebSite\",\"@id\":\"https:\\\/\\\/vocesdelacomuna15.com.ar\\\/press\\\/#website\",\"url\":\"https:\\\/\\\/vocesdelacomuna15.com.ar\\\/press\\\/\",\"name\":\"Voces de la Comuna 15\",\"description\":\"Sitio web de noticias\",\"publisher\":{\"@id\":\"https:\\\/\\\/vocesdelacomuna15.com.ar\\\/press\\\/#organization\"},\"potentialAction\":[{\"@type\":\"SearchAction\",\"target\":{\"@type\":\"EntryPoint\",\"urlTemplate\":\"https:\\\/\\\/vocesdelacomuna15.com.ar\\\/press\\\/?s={search_term_string}\"},\"query-input\":{\"@type\":\"PropertyValueSpecification\",\"valueRequired\":true,\"valueName\":\"search_term_string\"}}],\"inLanguage\":\"es-AR\"},{\"@type\":\"Organization\",\"@id\":\"https:\\\/\\\/vocesdelacomuna15.com.ar\\\/press\\\/#organization\",\"name\":\"Voces de la Comuna 15\",\"url\":\"https:\\\/\\\/vocesdelacomuna15.com.ar\\\/press\\\/\",\"logo\":{\"@type\":\"ImageObject\",\"inLanguage\":\"es-AR\",\"@id\":\"https:\\\/\\\/vocesdelacomuna15.com.ar\\\/press\\\/#\\\/schema\\\/logo\\\/image\\\/\",\"url\":\"https:\\\/\\\/vocesdelacomuna15.com.ar\\\/wp-content\\\/uploads\\\/2024\\\/12\\\/cropped-logo_voces.jpg\",\"contentUrl\":\"https:\\\/\\\/vocesdelacomuna15.com.ar\\\/wp-content\\\/uploads\\\/2024\\\/12\\\/cropped-logo_voces.jpg\",\"width\":512,\"height\":512,\"caption\":\"Voces de la Comuna 15\"},\"image\":{\"@id\":\"https:\\\/\\\/vocesdelacomuna15.com.ar\\\/press\\\/#\\\/schema\\\/logo\\\/image\\\/\"},\"sameAs\":[\"https:\\\/\\\/www.facebook.com\\\/VocesComuna15\\\/\",\"https:\\\/\\\/x.com\\\/vocescomuna15\"]},{\"@type\":\"Person\",\"@id\":\"https:\\\/\\\/vocesdelacomuna15.com.ar\\\/press\\\/#\\\/schema\\\/person\\\/4739e109db25d799cd3d139eeb509e43\",\"name\":\"Federico Arguto\",\"image\":{\"@type\":\"ImageObject\",\"inLanguage\":\"es-AR\",\"@id\":\"https:\\\/\\\/vocesdelacomuna15.com.ar\\\/wp-content\\\/litespeed\\\/avatar\\\/82faf979976f1bae889b8b71f8a0a7e5.jpg?ver=1777419741\",\"url\":\"https:\\\/\\\/vocesdelacomuna15.com.ar\\\/wp-content\\\/litespeed\\\/avatar\\\/82faf979976f1bae889b8b71f8a0a7e5.jpg?ver=1777419741\",\"contentUrl\":\"https:\\\/\\\/vocesdelacomuna15.com.ar\\\/wp-content\\\/litespeed\\\/avatar\\\/82faf979976f1bae889b8b71f8a0a7e5.jpg?ver=1777419741\",\"caption\":\"Federico Arguto\"},\"url\":\"https:\\\/\\\/vocesdelacomuna15.com.ar\\\/press\\\/author\\\/fede\\\/\"}]}<\/script>\n<!-- \/ Yoast SEO plugin. -->","yoast_head_json":{"title":"Los fundamentalistas del aire acondicionado en el Malvinas: ceremonia ricotera solidaria - Voces de la Comuna 15","description":"Voces de la Comuna 15","robots":{"index":"index","follow":"follow","max-snippet":"max-snippet:-1","max-image-preview":"max-image-preview:large","max-video-preview":"max-video-preview:-1"},"canonical":"https:\/\/vocesdelacomuna15.com.ar\/press\/los-fundamentalistas-del-aire-acondicionado-en-el-malvinas-ceremonia-ricotera-solidaria\/","og_locale":"es_ES","og_type":"article","og_title":"Los fundamentalistas del aire acondicionado en el Malvinas: ceremonia ricotera solidaria - Voces de la Comuna 15","og_description":"Voces de la Comuna 15","og_url":"https:\/\/vocesdelacomuna15.com.ar\/press\/los-fundamentalistas-del-aire-acondicionado-en-el-malvinas-ceremonia-ricotera-solidaria\/","og_site_name":"Voces de la Comuna 15","article_publisher":"https:\/\/www.facebook.com\/VocesComuna15\/","article_published_time":"2019-12-02T12:50:51+00:00","article_modified_time":"2020-05-02T12:39:49+00:00","og_image":[{"width":945,"height":616,"url":"https:\/\/vocesdelacomuna15.com.ar\/wp-content\/uploads\/2020\/05\/indio1122019.png","type":"image\/png"}],"author":"Federico Arguto","twitter_card":"summary_large_image","twitter_creator":"@vocescomuna15","twitter_site":"@vocescomuna15","twitter_misc":{"Escrito por":"Federico Arguto","Tiempo de lectura":"5 minutos"},"schema":{"@context":"https:\/\/schema.org","@graph":[{"@type":"Article","@id":"https:\/\/vocesdelacomuna15.com.ar\/press\/los-fundamentalistas-del-aire-acondicionado-en-el-malvinas-ceremonia-ricotera-solidaria\/#article","isPartOf":{"@id":"https:\/\/vocesdelacomuna15.com.ar\/press\/los-fundamentalistas-del-aire-acondicionado-en-el-malvinas-ceremonia-ricotera-solidaria\/"},"author":{"name":"Federico Arguto","@id":"https:\/\/vocesdelacomuna15.com.ar\/press\/#\/schema\/person\/4739e109db25d799cd3d139eeb509e43"},"headline":"Los fundamentalistas del aire acondicionado en el Malvinas: ceremonia ricotera solidaria","datePublished":"2019-12-02T12:50:51+00:00","dateModified":"2020-05-02T12:39:49+00:00","mainEntityOfPage":{"@id":"https:\/\/vocesdelacomuna15.com.ar\/press\/los-fundamentalistas-del-aire-acondicionado-en-el-malvinas-ceremonia-ricotera-solidaria\/"},"wordCount":1069,"commentCount":0,"publisher":{"@id":"https:\/\/vocesdelacomuna15.com.ar\/press\/#organization"},"image":{"@id":"https:\/\/vocesdelacomuna15.com.ar\/press\/los-fundamentalistas-del-aire-acondicionado-en-el-malvinas-ceremonia-ricotera-solidaria\/#primaryimage"},"thumbnailUrl":"https:\/\/vocesdelacomuna15.com.ar\/wp-content\/uploads\/2020\/05\/indio1122019.png","articleSection":["Cultura"],"inLanguage":"es-AR","potentialAction":[{"@type":"CommentAction","name":"Comment","target":["https:\/\/vocesdelacomuna15.com.ar\/press\/los-fundamentalistas-del-aire-acondicionado-en-el-malvinas-ceremonia-ricotera-solidaria\/#respond"]}]},{"@type":"WebPage","@id":"https:\/\/vocesdelacomuna15.com.ar\/press\/los-fundamentalistas-del-aire-acondicionado-en-el-malvinas-ceremonia-ricotera-solidaria\/","url":"https:\/\/vocesdelacomuna15.com.ar\/press\/los-fundamentalistas-del-aire-acondicionado-en-el-malvinas-ceremonia-ricotera-solidaria\/","name":"Los fundamentalistas del aire acondicionado en el Malvinas: ceremonia ricotera solidaria - Voces de la Comuna 15","isPartOf":{"@id":"https:\/\/vocesdelacomuna15.com.ar\/press\/#website"},"primaryImageOfPage":{"@id":"https:\/\/vocesdelacomuna15.com.ar\/press\/los-fundamentalistas-del-aire-acondicionado-en-el-malvinas-ceremonia-ricotera-solidaria\/#primaryimage"},"image":{"@id":"https:\/\/vocesdelacomuna15.com.ar\/press\/los-fundamentalistas-del-aire-acondicionado-en-el-malvinas-ceremonia-ricotera-solidaria\/#primaryimage"},"thumbnailUrl":"https:\/\/vocesdelacomuna15.com.ar\/wp-content\/uploads\/2020\/05\/indio1122019.png","datePublished":"2019-12-02T12:50:51+00:00","dateModified":"2020-05-02T12:39:49+00:00","description":"Voces de la Comuna 15","breadcrumb":{"@id":"https:\/\/vocesdelacomuna15.com.ar\/press\/los-fundamentalistas-del-aire-acondicionado-en-el-malvinas-ceremonia-ricotera-solidaria\/#breadcrumb"},"inLanguage":"es-AR","potentialAction":[{"@type":"ReadAction","target":["https:\/\/vocesdelacomuna15.com.ar\/press\/los-fundamentalistas-del-aire-acondicionado-en-el-malvinas-ceremonia-ricotera-solidaria\/"]}]},{"@type":"ImageObject","inLanguage":"es-AR","@id":"https:\/\/vocesdelacomuna15.com.ar\/press\/los-fundamentalistas-del-aire-acondicionado-en-el-malvinas-ceremonia-ricotera-solidaria\/#primaryimage","url":"https:\/\/vocesdelacomuna15.com.ar\/wp-content\/uploads\/2020\/05\/indio1122019.png","contentUrl":"https:\/\/vocesdelacomuna15.com.ar\/wp-content\/uploads\/2020\/05\/indio1122019.png","width":945,"height":616},{"@type":"BreadcrumbList","@id":"https:\/\/vocesdelacomuna15.com.ar\/press\/los-fundamentalistas-del-aire-acondicionado-en-el-malvinas-ceremonia-ricotera-solidaria\/#breadcrumb","itemListElement":[{"@type":"ListItem","position":1,"name":"Inicio","item":"https:\/\/vocesdelacomuna15.com.ar\/press\/"},{"@type":"ListItem","position":2,"name":"Los fundamentalistas del aire acondicionado en el Malvinas: ceremonia ricotera solidaria"}]},{"@type":"WebSite","@id":"https:\/\/vocesdelacomuna15.com.ar\/press\/#website","url":"https:\/\/vocesdelacomuna15.com.ar\/press\/","name":"Voces de la Comuna 15","description":"Sitio web de noticias","publisher":{"@id":"https:\/\/vocesdelacomuna15.com.ar\/press\/#organization"},"potentialAction":[{"@type":"SearchAction","target":{"@type":"EntryPoint","urlTemplate":"https:\/\/vocesdelacomuna15.com.ar\/press\/?s={search_term_string}"},"query-input":{"@type":"PropertyValueSpecification","valueRequired":true,"valueName":"search_term_string"}}],"inLanguage":"es-AR"},{"@type":"Organization","@id":"https:\/\/vocesdelacomuna15.com.ar\/press\/#organization","name":"Voces de la Comuna 15","url":"https:\/\/vocesdelacomuna15.com.ar\/press\/","logo":{"@type":"ImageObject","inLanguage":"es-AR","@id":"https:\/\/vocesdelacomuna15.com.ar\/press\/#\/schema\/logo\/image\/","url":"https:\/\/vocesdelacomuna15.com.ar\/wp-content\/uploads\/2024\/12\/cropped-logo_voces.jpg","contentUrl":"https:\/\/vocesdelacomuna15.com.ar\/wp-content\/uploads\/2024\/12\/cropped-logo_voces.jpg","width":512,"height":512,"caption":"Voces de la Comuna 15"},"image":{"@id":"https:\/\/vocesdelacomuna15.com.ar\/press\/#\/schema\/logo\/image\/"},"sameAs":["https:\/\/www.facebook.com\/VocesComuna15\/","https:\/\/x.com\/vocescomuna15"]},{"@type":"Person","@id":"https:\/\/vocesdelacomuna15.com.ar\/press\/#\/schema\/person\/4739e109db25d799cd3d139eeb509e43","name":"Federico Arguto","image":{"@type":"ImageObject","inLanguage":"es-AR","@id":"https:\/\/vocesdelacomuna15.com.ar\/wp-content\/litespeed\/avatar\/82faf979976f1bae889b8b71f8a0a7e5.jpg?ver=1777419741","url":"https:\/\/vocesdelacomuna15.com.ar\/wp-content\/litespeed\/avatar\/82faf979976f1bae889b8b71f8a0a7e5.jpg?ver=1777419741","contentUrl":"https:\/\/vocesdelacomuna15.com.ar\/wp-content\/litespeed\/avatar\/82faf979976f1bae889b8b71f8a0a7e5.jpg?ver=1777419741","caption":"Federico Arguto"},"url":"https:\/\/vocesdelacomuna15.com.ar\/press\/author\/fede\/"}]}},"_links":{"self":[{"href":"https:\/\/vocesdelacomuna15.com.ar\/press\/wp-json\/wp\/v2\/posts\/51838","targetHints":{"allow":["GET"]}}],"collection":[{"href":"https:\/\/vocesdelacomuna15.com.ar\/press\/wp-json\/wp\/v2\/posts"}],"about":[{"href":"https:\/\/vocesdelacomuna15.com.ar\/press\/wp-json\/wp\/v2\/types\/post"}],"author":[{"embeddable":true,"href":"https:\/\/vocesdelacomuna15.com.ar\/press\/wp-json\/wp\/v2\/users\/2"}],"replies":[{"embeddable":true,"href":"https:\/\/vocesdelacomuna15.com.ar\/press\/wp-json\/wp\/v2\/comments?post=51838"}],"version-history":[{"count":1,"href":"https:\/\/vocesdelacomuna15.com.ar\/press\/wp-json\/wp\/v2\/posts\/51838\/revisions"}],"predecessor-version":[{"id":51840,"href":"https:\/\/vocesdelacomuna15.com.ar\/press\/wp-json\/wp\/v2\/posts\/51838\/revisions\/51840"}],"wp:featuredmedia":[{"embeddable":true,"href":"https:\/\/vocesdelacomuna15.com.ar\/press\/wp-json\/wp\/v2\/media\/51839"}],"wp:attachment":[{"href":"https:\/\/vocesdelacomuna15.com.ar\/press\/wp-json\/wp\/v2\/media?parent=51838"}],"wp:term":[{"taxonomy":"category","embeddable":true,"href":"https:\/\/vocesdelacomuna15.com.ar\/press\/wp-json\/wp\/v2\/categories?post=51838"},{"taxonomy":"post_tag","embeddable":true,"href":"https:\/\/vocesdelacomuna15.com.ar\/press\/wp-json\/wp\/v2\/tags?post=51838"}],"curies":[{"name":"wp","href":"https:\/\/api.w.org\/{rel}","templated":true}]}}