{"id":51829,"date":"2019-12-02T13:00:52","date_gmt":"2019-12-02T16:00:52","guid":{"rendered":"http:\/\/vocesdelacomuna15.com.ar\/wordpress\/?p=51829"},"modified":"2021-06-13T14:07:37","modified_gmt":"2021-06-13T17:07:37","slug":"comunicado-de-prensa-para-decirle-no-al-megastadio-movistar-arena-del-diario-la-nacion","status":"publish","type":"post","link":"https:\/\/vocesdelacomuna15.com.ar\/press\/comunicado-de-prensa-para-decirle-no-al-megastadio-movistar-arena-del-diario-la-nacion\/","title":{"rendered":"Comunicado de Prensa para decirle \u201cNo al Megastadio Movistar Arena del Diario La Naci\u00f3n\u201d"},"content":{"rendered":"\n<h4 class=\"wp-block-heading\">Los vecinos Autoconvocados de Villa Crespo convocan a una radio abierta y semaforazo el jueves 5 de diciembre a las 19,30 hs. en Avenida Corrientes y Humboldt<\/h4>\n\n\n\n<p>Comunicado de Prensa: Este megaestadio de m\u00e1s de 25 mil metros cuadrados, con capacidad para 16.000 personas \u2013dos veces el Luna Park-, en el que se realizar\u00e1n m\u00e1s de 120 shows por a\u00f1o, se construy\u00f3 en tierras p\u00fablicas cedidas por la Legislatura porte\u00f1a al Club Atlanta que, a su vez, lo cedi\u00f3 en comodato al diario La Naci\u00f3n y est\u00e1 destruyendo nuestro barrio. El Gobierno de la Ciudad es c\u00f3mplice: avalado por el Ejecutivo de Horacio Rodriguez Larreta, este MEGAESTADIO est\u00e1 exento de pagar impuestos de ABL durante cuarenta a\u00f1os. A un mes de su inauguraci\u00f3n, que se produjo el 1 de noviembre, se est\u00e1 cumpliendo lo que venimos denunciando desde abril de 2018, a trav\u00e9s de comunicados de prensa, entrevistas en diarios, radio y televisi\u00f3n. Vivimos enjaulados cuatro d\u00edas a la semana. En cada recital, las cuadras est\u00e1n valladas desde las 17 horas y los vecinos no podemos circular libremente porque la polic\u00eda nos exige documentos para dejarnos pasar a nuestras viviendas y garajes. No podemos organizar reuniones en nuestras casas porque nuestros amigos o familiares no pueden llegar hasta nuestros domicilios. Los vecinos que trabajan en sus viviendas o tienen consultorios en ellas ven gravemente afectadas sus labores puesto que los d\u00edas de show las personas que acuden a sus casas \u2013alumnos, pacientes- no pueden pasar. La desconcentraci\u00f3n del p\u00fablico a partir de las 12 de la noche, produce un ruido que impide el descanso. A eso se suma la utilizaci\u00f3n de meg\u00e1fonos para anunciar la salida de combis. El caos de tr\u00e1nsito es gigantesco. Los vecinos con problemas de movilidad est\u00e1n atrapados durante el transcurso de los shows porque los taxis no pueden llegar hasta sus casas, y quienes tienen que viajar se ven obligados a caminar cuadras y cuadras arrastrando valijas para encontrar un taxi que los lleve hasta su terminal. Los trapitos controlan el estacionamiento, custodiados por la polic\u00eda. Estacionan los autos sobre las veredas. Los comerciantes de toda la vida est\u00e1n siendo desalojados de sus locales ya que los propietarios prefieren alquilar a precios m\u00e1s altos a locales de cadena o bares y cervecer\u00edas y la polic\u00eda proh\u00edbe a los comercios del barrio vender alcohol de 16 hs a 22 hs pero les permite a los bares que se instalaron cerca del estadio vender alcohol sin problemas. Pronto tendremos bares y restaurantes instalados en todas las cuadras, y el barullo ser\u00e1 de lunes a lunes. El Gobierno hace o\u00eddos sordos a nuestros reclamos. El jueves 21 la legislatura aprob\u00f3 un proyecto de rezonificaci\u00f3n del \u00e1rea, lo que permitir\u00e1 privatizar las zonas aleda\u00f1as al megaestadio y todo el bajo viaducto generando otro gigantesco negocio inmobiliario que arruinar\u00e1 para siempre la identidad de Villa Crespo.. No s\u00f3lo eso, sino que el MEGAESTADIO MOVISTAR ARENA, ni siquiera parece contar con las medidas de seguridad necesarias como lo demuestra el lamentable accidente ocurrido durante el recital de Abel Pintos del d\u00eda 22 de noviembre, cuando una mujer cay\u00f3 por las escaleras sin se\u00f1alizaci\u00f3n de la platea alta, rodando 10 escalones por un sector que carece de iluminaci\u00f3n, y sufri\u00f3 una fractura. Permaneci\u00f3 en el suelo durante tres temas hasta que, alertado, Abel Pintos detuvo el show. Cinco minutos m\u00e1s tarde \u2013una eternidad para un accidente que pudo haber sido muy grave- lleg\u00f3 personal de una ambulancia con una tabla de salvamento y la mujer fue evacuada. Los comentarios que dejan los espectadores en la p\u00e1gina del MEGAESTADIO MOVISTAR ARENA hablan en su inmensa mayor\u00eda del calor asfixiante, de la falta de barandas de seguridad en las plateas altas, de la mala se\u00f1alizaci\u00f3n, dando cuenta de que el Gobierno de la Ciudad a trav\u00e9s de sus funcionarios aprob\u00f3 el funcionamiento de un sitio inaugurado a las apuradas, en un ejercicio de desmemoria que deja en el olvido tragedias que ocurrieron en sitios de concurrencia masiva y que pudieron haberse evitado simplemente cumpliendo con la ley. Para seguir se\u00f1alando el negocio espurio entre un diario, la dirigencia de un club y la Legislatura de la Ciudad de Buenos Aires, los Vecinos Autoconvocados de Villa Crespo realizaremos una radio abierta y semaforazo el jueves 5 de diciembre a las 19.30 horas en Humboldt y Corrientes. \u00a1Sacudite la Arena: Particip\u00e1 de la radio abierta y semaforazo para decirle NO al Megaestadio del diario La Naci\u00f3n NO AL MEGAESTADIO MOVISTAR ARENA EN VILLA CRESPO Facebook: NO AL MEGAESTADIO EN VILLA CRESPO Twitter: @NoalVilla Instagram: @noalmegaestadioarena Contactos: Luis: 155 709 2692 Gustavo: 15 6 180 0310 Ingrid: 15 5 494 0643 Laura: 15 5 697 2643<br><\/p>\n<div class=\"pvc_clear\"><\/div><p id=\"pvc_stats_51829\" class=\"pvc_stats all  \" data-element-id=\"51829\" style=\"\"><i class=\"pvc-stats-icon small\" aria-hidden=\"true\"><svg aria-hidden=\"true\" focusable=\"false\" data-prefix=\"far\" data-icon=\"chart-bar\" role=\"img\" xmlns=\"http:\/\/www.w3.org\/2000\/svg\" viewBox=\"0 0 512 512\" class=\"svg-inline--fa fa-chart-bar fa-w-16 fa-2x\"><path fill=\"currentColor\" d=\"M396.8 352h22.4c6.4 0 12.8-6.4 12.8-12.8V108.8c0-6.4-6.4-12.8-12.8-12.8h-22.4c-6.4 0-12.8 6.4-12.8 12.8v230.4c0 6.4 6.4 12.8 12.8 12.8zm-192 0h22.4c6.4 0 12.8-6.4 12.8-12.8V140.8c0-6.4-6.4-12.8-12.8-12.8h-22.4c-6.4 0-12.8 6.4-12.8 12.8v198.4c0 6.4 6.4 12.8 12.8 12.8zm96 0h22.4c6.4 0 12.8-6.4 12.8-12.8V204.8c0-6.4-6.4-12.8-12.8-12.8h-22.4c-6.4 0-12.8 6.4-12.8 12.8v134.4c0 6.4 6.4 12.8 12.8 12.8zM496 400H48V80c0-8.84-7.16-16-16-16H16C7.16 64 0 71.16 0 80v336c0 17.67 14.33 32 32 32h464c8.84 0 16-7.16 16-16v-16c0-8.84-7.16-16-16-16zm-387.2-48h22.4c6.4 0 12.8-6.4 12.8-12.8v-70.4c0-6.4-6.4-12.8-12.8-12.8h-22.4c-6.4 0-12.8 6.4-12.8 12.8v70.4c0 6.4 6.4 12.8 12.8 12.8z\" class=\"\"><\/path><\/svg><\/i> <img loading=\"lazy\" decoding=\"async\" width=\"16\" height=\"16\" alt=\"Loading\" src=\"https:\/\/vocesdelacomuna15.com.ar\/wp-content\/plugins\/page-views-count\/ajax-loader-2x.gif\" border=0 \/><\/p><div class=\"pvc_clear\"><\/div>","protected":false},"excerpt":{"rendered":"<p>Los vecinos Autoconvocados de Villa Crespo convocan a una radio abierta y semaforazo el jueves 5 de diciembre a las 19,30 hs. en Avenida Corrientes y Humboldt Comunicado de Prensa: Este megaestadio de m\u00e1s de 25 mil metros cuadrados, con capacidad para 16.000 personas \u2013dos veces el Luna Park-, en el que se realizar\u00e1n m\u00e1s [&hellip;]<\/p>\n<div class=\"pvc_clear\"><\/div>\n<p id=\"pvc_stats_51829\" class=\"pvc_stats all  \" data-element-id=\"51829\" style=\"\"><i class=\"pvc-stats-icon small\" aria-hidden=\"true\"><svg aria-hidden=\"true\" focusable=\"false\" data-prefix=\"far\" data-icon=\"chart-bar\" role=\"img\" xmlns=\"http:\/\/www.w3.org\/2000\/svg\" viewBox=\"0 0 512 512\" class=\"svg-inline--fa fa-chart-bar fa-w-16 fa-2x\"><path fill=\"currentColor\" d=\"M396.8 352h22.4c6.4 0 12.8-6.4 12.8-12.8V108.8c0-6.4-6.4-12.8-12.8-12.8h-22.4c-6.4 0-12.8 6.4-12.8 12.8v230.4c0 6.4 6.4 12.8 12.8 12.8zm-192 0h22.4c6.4 0 12.8-6.4 12.8-12.8V140.8c0-6.4-6.4-12.8-12.8-12.8h-22.4c-6.4 0-12.8 6.4-12.8 12.8v198.4c0 6.4 6.4 12.8 12.8 12.8zm96 0h22.4c6.4 0 12.8-6.4 12.8-12.8V204.8c0-6.4-6.4-12.8-12.8-12.8h-22.4c-6.4 0-12.8 6.4-12.8 12.8v134.4c0 6.4 6.4 12.8 12.8 12.8zM496 400H48V80c0-8.84-7.16-16-16-16H16C7.16 64 0 71.16 0 80v336c0 17.67 14.33 32 32 32h464c8.84 0 16-7.16 16-16v-16c0-8.84-7.16-16-16-16zm-387.2-48h22.4c6.4 0 12.8-6.4 12.8-12.8v-70.4c0-6.4-6.4-12.8-12.8-12.8h-22.4c-6.4 0-12.8 6.4-12.8 12.8v70.4c0 6.4 6.4 12.8 12.8 12.8z\" class=\"\"><\/path><\/svg><\/i> <img loading=\"lazy\" decoding=\"async\" width=\"16\" height=\"16\" alt=\"Loading\" src=\"https:\/\/vocesdelacomuna15.com.ar\/wp-content\/plugins\/page-views-count\/ajax-loader-2x.gif\" border=0 \/><\/p>\n<div class=\"pvc_clear\"><\/div>\n","protected":false},"author":2,"featured_media":54137,"comment_status":"open","ping_status":"open","sticky":false,"template":"","format":"standard","meta":{"_et_pb_use_builder":"off","_et_pb_old_content":"","_et_gb_content_width":"","footnotes":""},"categories":[8,32],"tags":[],"class_list":["post-51829","post","type-post","status-publish","format-standard","has-post-thumbnail","hentry","category-sociedad","category-vcre","et-has-post-format-content","et_post_format-et-post-format-standard"],"a3_pvc":{"activated":true,"total_views":180,"today_views":0},"yoast_head":"<!-- This site is optimized with the Yoast SEO plugin v27.5 - https:\/\/yoast.com\/product\/yoast-seo-wordpress\/ -->\n<title>Comunicado de Prensa para decirle \u201cNo al Megastadio Movistar Arena del Diario La Naci\u00f3n\u201d - Voces de la Comuna 15<\/title>\n<meta name=\"description\" content=\"Voces de la Comuna 15\" \/>\n<meta name=\"robots\" content=\"index, follow, max-snippet:-1, max-image-preview:large, max-video-preview:-1\" \/>\n<link rel=\"canonical\" href=\"https:\/\/vocesdelacomuna15.com.ar\/press\/comunicado-de-prensa-para-decirle-no-al-megastadio-movistar-arena-del-diario-la-nacion\/\" \/>\n<meta property=\"og:locale\" content=\"es_ES\" \/>\n<meta property=\"og:type\" content=\"article\" \/>\n<meta property=\"og:title\" content=\"Comunicado de Prensa para decirle \u201cNo al Megastadio Movistar Arena del Diario La Naci\u00f3n\u201d - Voces de la Comuna 15\" \/>\n<meta property=\"og:description\" content=\"Voces de la Comuna 15\" \/>\n<meta property=\"og:url\" content=\"https:\/\/vocesdelacomuna15.com.ar\/press\/comunicado-de-prensa-para-decirle-no-al-megastadio-movistar-arena-del-diario-la-nacion\/\" \/>\n<meta property=\"og:site_name\" content=\"Voces de la Comuna 15\" \/>\n<meta property=\"article:publisher\" content=\"https:\/\/www.facebook.com\/VocesComuna15\/\" \/>\n<meta property=\"article:published_time\" content=\"2019-12-02T16:00:52+00:00\" \/>\n<meta property=\"article:modified_time\" content=\"2021-06-13T17:07:37+00:00\" \/>\n<meta property=\"og:image\" content=\"https:\/\/vocesdelacomuna15.com.ar\/wp-content\/uploads\/2019\/12\/arena1306rec.png\" \/>\n\t<meta property=\"og:image:width\" content=\"384\" \/>\n\t<meta property=\"og:image:height\" content=\"477\" \/>\n\t<meta property=\"og:image:type\" content=\"image\/png\" \/>\n<meta name=\"author\" content=\"Federico Arguto\" \/>\n<meta name=\"twitter:card\" content=\"summary_large_image\" \/>\n<meta name=\"twitter:creator\" content=\"@vocescomuna15\" \/>\n<meta name=\"twitter:site\" content=\"@vocescomuna15\" \/>\n<meta name=\"twitter:label1\" content=\"Escrito por\" \/>\n\t<meta name=\"twitter:data1\" content=\"Federico Arguto\" \/>\n\t<meta name=\"twitter:label2\" content=\"Tiempo de lectura\" \/>\n\t<meta name=\"twitter:data2\" content=\"4 minutos\" \/>\n<script type=\"application\/ld+json\" class=\"yoast-schema-graph\">{\"@context\":\"https:\\\/\\\/schema.org\",\"@graph\":[{\"@type\":\"Article\",\"@id\":\"https:\\\/\\\/vocesdelacomuna15.com.ar\\\/press\\\/comunicado-de-prensa-para-decirle-no-al-megastadio-movistar-arena-del-diario-la-nacion\\\/#article\",\"isPartOf\":{\"@id\":\"https:\\\/\\\/vocesdelacomuna15.com.ar\\\/press\\\/comunicado-de-prensa-para-decirle-no-al-megastadio-movistar-arena-del-diario-la-nacion\\\/\"},\"author\":{\"name\":\"Federico Arguto\",\"@id\":\"https:\\\/\\\/vocesdelacomuna15.com.ar\\\/press\\\/#\\\/schema\\\/person\\\/4739e109db25d799cd3d139eeb509e43\"},\"headline\":\"Comunicado de Prensa para decirle \u201cNo al Megastadio Movistar Arena del Diario La Naci\u00f3n\u201d\",\"datePublished\":\"2019-12-02T16:00:52+00:00\",\"dateModified\":\"2021-06-13T17:07:37+00:00\",\"mainEntityOfPage\":{\"@id\":\"https:\\\/\\\/vocesdelacomuna15.com.ar\\\/press\\\/comunicado-de-prensa-para-decirle-no-al-megastadio-movistar-arena-del-diario-la-nacion\\\/\"},\"wordCount\":807,\"commentCount\":0,\"publisher\":{\"@id\":\"https:\\\/\\\/vocesdelacomuna15.com.ar\\\/press\\\/#organization\"},\"image\":{\"@id\":\"https:\\\/\\\/vocesdelacomuna15.com.ar\\\/press\\\/comunicado-de-prensa-para-decirle-no-al-megastadio-movistar-arena-del-diario-la-nacion\\\/#primaryimage\"},\"thumbnailUrl\":\"https:\\\/\\\/vocesdelacomuna15.com.ar\\\/wp-content\\\/uploads\\\/2019\\\/12\\\/arena1306rec.png\",\"articleSection\":[\"Sociedad\",\"Villa Crespo\"],\"inLanguage\":\"es-AR\",\"potentialAction\":[{\"@type\":\"CommentAction\",\"name\":\"Comment\",\"target\":[\"https:\\\/\\\/vocesdelacomuna15.com.ar\\\/press\\\/comunicado-de-prensa-para-decirle-no-al-megastadio-movistar-arena-del-diario-la-nacion\\\/#respond\"]}]},{\"@type\":\"WebPage\",\"@id\":\"https:\\\/\\\/vocesdelacomuna15.com.ar\\\/press\\\/comunicado-de-prensa-para-decirle-no-al-megastadio-movistar-arena-del-diario-la-nacion\\\/\",\"url\":\"https:\\\/\\\/vocesdelacomuna15.com.ar\\\/press\\\/comunicado-de-prensa-para-decirle-no-al-megastadio-movistar-arena-del-diario-la-nacion\\\/\",\"name\":\"Comunicado de Prensa para decirle \u201cNo al Megastadio Movistar Arena del Diario La Naci\u00f3n\u201d - Voces de la Comuna 15\",\"isPartOf\":{\"@id\":\"https:\\\/\\\/vocesdelacomuna15.com.ar\\\/press\\\/#website\"},\"primaryImageOfPage\":{\"@id\":\"https:\\\/\\\/vocesdelacomuna15.com.ar\\\/press\\\/comunicado-de-prensa-para-decirle-no-al-megastadio-movistar-arena-del-diario-la-nacion\\\/#primaryimage\"},\"image\":{\"@id\":\"https:\\\/\\\/vocesdelacomuna15.com.ar\\\/press\\\/comunicado-de-prensa-para-decirle-no-al-megastadio-movistar-arena-del-diario-la-nacion\\\/#primaryimage\"},\"thumbnailUrl\":\"https:\\\/\\\/vocesdelacomuna15.com.ar\\\/wp-content\\\/uploads\\\/2019\\\/12\\\/arena1306rec.png\",\"datePublished\":\"2019-12-02T16:00:52+00:00\",\"dateModified\":\"2021-06-13T17:07:37+00:00\",\"description\":\"Voces de la Comuna 15\",\"breadcrumb\":{\"@id\":\"https:\\\/\\\/vocesdelacomuna15.com.ar\\\/press\\\/comunicado-de-prensa-para-decirle-no-al-megastadio-movistar-arena-del-diario-la-nacion\\\/#breadcrumb\"},\"inLanguage\":\"es-AR\",\"potentialAction\":[{\"@type\":\"ReadAction\",\"target\":[\"https:\\\/\\\/vocesdelacomuna15.com.ar\\\/press\\\/comunicado-de-prensa-para-decirle-no-al-megastadio-movistar-arena-del-diario-la-nacion\\\/\"]}]},{\"@type\":\"ImageObject\",\"inLanguage\":\"es-AR\",\"@id\":\"https:\\\/\\\/vocesdelacomuna15.com.ar\\\/press\\\/comunicado-de-prensa-para-decirle-no-al-megastadio-movistar-arena-del-diario-la-nacion\\\/#primaryimage\",\"url\":\"https:\\\/\\\/vocesdelacomuna15.com.ar\\\/wp-content\\\/uploads\\\/2019\\\/12\\\/arena1306rec.png\",\"contentUrl\":\"https:\\\/\\\/vocesdelacomuna15.com.ar\\\/wp-content\\\/uploads\\\/2019\\\/12\\\/arena1306rec.png\",\"width\":384,\"height\":477},{\"@type\":\"BreadcrumbList\",\"@id\":\"https:\\\/\\\/vocesdelacomuna15.com.ar\\\/press\\\/comunicado-de-prensa-para-decirle-no-al-megastadio-movistar-arena-del-diario-la-nacion\\\/#breadcrumb\",\"itemListElement\":[{\"@type\":\"ListItem\",\"position\":1,\"name\":\"Inicio\",\"item\":\"https:\\\/\\\/vocesdelacomuna15.com.ar\\\/press\\\/\"},{\"@type\":\"ListItem\",\"position\":2,\"name\":\"Comunicado de Prensa para decirle \u201cNo al Megastadio Movistar Arena del Diario La Naci\u00f3n\u201d\"}]},{\"@type\":\"WebSite\",\"@id\":\"https:\\\/\\\/vocesdelacomuna15.com.ar\\\/press\\\/#website\",\"url\":\"https:\\\/\\\/vocesdelacomuna15.com.ar\\\/press\\\/\",\"name\":\"Voces de la Comuna 15\",\"description\":\"Sitio web de noticias\",\"publisher\":{\"@id\":\"https:\\\/\\\/vocesdelacomuna15.com.ar\\\/press\\\/#organization\"},\"potentialAction\":[{\"@type\":\"SearchAction\",\"target\":{\"@type\":\"EntryPoint\",\"urlTemplate\":\"https:\\\/\\\/vocesdelacomuna15.com.ar\\\/press\\\/?s={search_term_string}\"},\"query-input\":{\"@type\":\"PropertyValueSpecification\",\"valueRequired\":true,\"valueName\":\"search_term_string\"}}],\"inLanguage\":\"es-AR\"},{\"@type\":\"Organization\",\"@id\":\"https:\\\/\\\/vocesdelacomuna15.com.ar\\\/press\\\/#organization\",\"name\":\"Voces de la Comuna 15\",\"url\":\"https:\\\/\\\/vocesdelacomuna15.com.ar\\\/press\\\/\",\"logo\":{\"@type\":\"ImageObject\",\"inLanguage\":\"es-AR\",\"@id\":\"https:\\\/\\\/vocesdelacomuna15.com.ar\\\/press\\\/#\\\/schema\\\/logo\\\/image\\\/\",\"url\":\"https:\\\/\\\/vocesdelacomuna15.com.ar\\\/wp-content\\\/uploads\\\/2024\\\/12\\\/cropped-logo_voces.jpg\",\"contentUrl\":\"https:\\\/\\\/vocesdelacomuna15.com.ar\\\/wp-content\\\/uploads\\\/2024\\\/12\\\/cropped-logo_voces.jpg\",\"width\":512,\"height\":512,\"caption\":\"Voces de la Comuna 15\"},\"image\":{\"@id\":\"https:\\\/\\\/vocesdelacomuna15.com.ar\\\/press\\\/#\\\/schema\\\/logo\\\/image\\\/\"},\"sameAs\":[\"https:\\\/\\\/www.facebook.com\\\/VocesComuna15\\\/\",\"https:\\\/\\\/x.com\\\/vocescomuna15\"]},{\"@type\":\"Person\",\"@id\":\"https:\\\/\\\/vocesdelacomuna15.com.ar\\\/press\\\/#\\\/schema\\\/person\\\/4739e109db25d799cd3d139eeb509e43\",\"name\":\"Federico Arguto\",\"image\":{\"@type\":\"ImageObject\",\"inLanguage\":\"es-AR\",\"@id\":\"https:\\\/\\\/vocesdelacomuna15.com.ar\\\/wp-content\\\/litespeed\\\/avatar\\\/82faf979976f1bae889b8b71f8a0a7e5.jpg?ver=1777419741\",\"url\":\"https:\\\/\\\/vocesdelacomuna15.com.ar\\\/wp-content\\\/litespeed\\\/avatar\\\/82faf979976f1bae889b8b71f8a0a7e5.jpg?ver=1777419741\",\"contentUrl\":\"https:\\\/\\\/vocesdelacomuna15.com.ar\\\/wp-content\\\/litespeed\\\/avatar\\\/82faf979976f1bae889b8b71f8a0a7e5.jpg?ver=1777419741\",\"caption\":\"Federico Arguto\"},\"url\":\"https:\\\/\\\/vocesdelacomuna15.com.ar\\\/press\\\/author\\\/fede\\\/\"}]}<\/script>\n<!-- \/ Yoast SEO plugin. -->","yoast_head_json":{"title":"Comunicado de Prensa para decirle \u201cNo al Megastadio Movistar Arena del Diario La Naci\u00f3n\u201d - Voces de la Comuna 15","description":"Voces de la Comuna 15","robots":{"index":"index","follow":"follow","max-snippet":"max-snippet:-1","max-image-preview":"max-image-preview:large","max-video-preview":"max-video-preview:-1"},"canonical":"https:\/\/vocesdelacomuna15.com.ar\/press\/comunicado-de-prensa-para-decirle-no-al-megastadio-movistar-arena-del-diario-la-nacion\/","og_locale":"es_ES","og_type":"article","og_title":"Comunicado de Prensa para decirle \u201cNo al Megastadio Movistar Arena del Diario La Naci\u00f3n\u201d - Voces de la Comuna 15","og_description":"Voces de la Comuna 15","og_url":"https:\/\/vocesdelacomuna15.com.ar\/press\/comunicado-de-prensa-para-decirle-no-al-megastadio-movistar-arena-del-diario-la-nacion\/","og_site_name":"Voces de la Comuna 15","article_publisher":"https:\/\/www.facebook.com\/VocesComuna15\/","article_published_time":"2019-12-02T16:00:52+00:00","article_modified_time":"2021-06-13T17:07:37+00:00","og_image":[{"width":384,"height":477,"url":"https:\/\/vocesdelacomuna15.com.ar\/wp-content\/uploads\/2019\/12\/arena1306rec.png","type":"image\/png"}],"author":"Federico Arguto","twitter_card":"summary_large_image","twitter_creator":"@vocescomuna15","twitter_site":"@vocescomuna15","twitter_misc":{"Escrito por":"Federico Arguto","Tiempo de lectura":"4 minutos"},"schema":{"@context":"https:\/\/schema.org","@graph":[{"@type":"Article","@id":"https:\/\/vocesdelacomuna15.com.ar\/press\/comunicado-de-prensa-para-decirle-no-al-megastadio-movistar-arena-del-diario-la-nacion\/#article","isPartOf":{"@id":"https:\/\/vocesdelacomuna15.com.ar\/press\/comunicado-de-prensa-para-decirle-no-al-megastadio-movistar-arena-del-diario-la-nacion\/"},"author":{"name":"Federico Arguto","@id":"https:\/\/vocesdelacomuna15.com.ar\/press\/#\/schema\/person\/4739e109db25d799cd3d139eeb509e43"},"headline":"Comunicado de Prensa para decirle \u201cNo al Megastadio Movistar Arena del Diario La Naci\u00f3n\u201d","datePublished":"2019-12-02T16:00:52+00:00","dateModified":"2021-06-13T17:07:37+00:00","mainEntityOfPage":{"@id":"https:\/\/vocesdelacomuna15.com.ar\/press\/comunicado-de-prensa-para-decirle-no-al-megastadio-movistar-arena-del-diario-la-nacion\/"},"wordCount":807,"commentCount":0,"publisher":{"@id":"https:\/\/vocesdelacomuna15.com.ar\/press\/#organization"},"image":{"@id":"https:\/\/vocesdelacomuna15.com.ar\/press\/comunicado-de-prensa-para-decirle-no-al-megastadio-movistar-arena-del-diario-la-nacion\/#primaryimage"},"thumbnailUrl":"https:\/\/vocesdelacomuna15.com.ar\/wp-content\/uploads\/2019\/12\/arena1306rec.png","articleSection":["Sociedad","Villa Crespo"],"inLanguage":"es-AR","potentialAction":[{"@type":"CommentAction","name":"Comment","target":["https:\/\/vocesdelacomuna15.com.ar\/press\/comunicado-de-prensa-para-decirle-no-al-megastadio-movistar-arena-del-diario-la-nacion\/#respond"]}]},{"@type":"WebPage","@id":"https:\/\/vocesdelacomuna15.com.ar\/press\/comunicado-de-prensa-para-decirle-no-al-megastadio-movistar-arena-del-diario-la-nacion\/","url":"https:\/\/vocesdelacomuna15.com.ar\/press\/comunicado-de-prensa-para-decirle-no-al-megastadio-movistar-arena-del-diario-la-nacion\/","name":"Comunicado de Prensa para decirle \u201cNo al Megastadio Movistar Arena del Diario La Naci\u00f3n\u201d - Voces de la Comuna 15","isPartOf":{"@id":"https:\/\/vocesdelacomuna15.com.ar\/press\/#website"},"primaryImageOfPage":{"@id":"https:\/\/vocesdelacomuna15.com.ar\/press\/comunicado-de-prensa-para-decirle-no-al-megastadio-movistar-arena-del-diario-la-nacion\/#primaryimage"},"image":{"@id":"https:\/\/vocesdelacomuna15.com.ar\/press\/comunicado-de-prensa-para-decirle-no-al-megastadio-movistar-arena-del-diario-la-nacion\/#primaryimage"},"thumbnailUrl":"https:\/\/vocesdelacomuna15.com.ar\/wp-content\/uploads\/2019\/12\/arena1306rec.png","datePublished":"2019-12-02T16:00:52+00:00","dateModified":"2021-06-13T17:07:37+00:00","description":"Voces de la Comuna 15","breadcrumb":{"@id":"https:\/\/vocesdelacomuna15.com.ar\/press\/comunicado-de-prensa-para-decirle-no-al-megastadio-movistar-arena-del-diario-la-nacion\/#breadcrumb"},"inLanguage":"es-AR","potentialAction":[{"@type":"ReadAction","target":["https:\/\/vocesdelacomuna15.com.ar\/press\/comunicado-de-prensa-para-decirle-no-al-megastadio-movistar-arena-del-diario-la-nacion\/"]}]},{"@type":"ImageObject","inLanguage":"es-AR","@id":"https:\/\/vocesdelacomuna15.com.ar\/press\/comunicado-de-prensa-para-decirle-no-al-megastadio-movistar-arena-del-diario-la-nacion\/#primaryimage","url":"https:\/\/vocesdelacomuna15.com.ar\/wp-content\/uploads\/2019\/12\/arena1306rec.png","contentUrl":"https:\/\/vocesdelacomuna15.com.ar\/wp-content\/uploads\/2019\/12\/arena1306rec.png","width":384,"height":477},{"@type":"BreadcrumbList","@id":"https:\/\/vocesdelacomuna15.com.ar\/press\/comunicado-de-prensa-para-decirle-no-al-megastadio-movistar-arena-del-diario-la-nacion\/#breadcrumb","itemListElement":[{"@type":"ListItem","position":1,"name":"Inicio","item":"https:\/\/vocesdelacomuna15.com.ar\/press\/"},{"@type":"ListItem","position":2,"name":"Comunicado de Prensa para decirle \u201cNo al Megastadio Movistar Arena del Diario La Naci\u00f3n\u201d"}]},{"@type":"WebSite","@id":"https:\/\/vocesdelacomuna15.com.ar\/press\/#website","url":"https:\/\/vocesdelacomuna15.com.ar\/press\/","name":"Voces de la Comuna 15","description":"Sitio web de noticias","publisher":{"@id":"https:\/\/vocesdelacomuna15.com.ar\/press\/#organization"},"potentialAction":[{"@type":"SearchAction","target":{"@type":"EntryPoint","urlTemplate":"https:\/\/vocesdelacomuna15.com.ar\/press\/?s={search_term_string}"},"query-input":{"@type":"PropertyValueSpecification","valueRequired":true,"valueName":"search_term_string"}}],"inLanguage":"es-AR"},{"@type":"Organization","@id":"https:\/\/vocesdelacomuna15.com.ar\/press\/#organization","name":"Voces de la Comuna 15","url":"https:\/\/vocesdelacomuna15.com.ar\/press\/","logo":{"@type":"ImageObject","inLanguage":"es-AR","@id":"https:\/\/vocesdelacomuna15.com.ar\/press\/#\/schema\/logo\/image\/","url":"https:\/\/vocesdelacomuna15.com.ar\/wp-content\/uploads\/2024\/12\/cropped-logo_voces.jpg","contentUrl":"https:\/\/vocesdelacomuna15.com.ar\/wp-content\/uploads\/2024\/12\/cropped-logo_voces.jpg","width":512,"height":512,"caption":"Voces de la Comuna 15"},"image":{"@id":"https:\/\/vocesdelacomuna15.com.ar\/press\/#\/schema\/logo\/image\/"},"sameAs":["https:\/\/www.facebook.com\/VocesComuna15\/","https:\/\/x.com\/vocescomuna15"]},{"@type":"Person","@id":"https:\/\/vocesdelacomuna15.com.ar\/press\/#\/schema\/person\/4739e109db25d799cd3d139eeb509e43","name":"Federico Arguto","image":{"@type":"ImageObject","inLanguage":"es-AR","@id":"https:\/\/vocesdelacomuna15.com.ar\/wp-content\/litespeed\/avatar\/82faf979976f1bae889b8b71f8a0a7e5.jpg?ver=1777419741","url":"https:\/\/vocesdelacomuna15.com.ar\/wp-content\/litespeed\/avatar\/82faf979976f1bae889b8b71f8a0a7e5.jpg?ver=1777419741","contentUrl":"https:\/\/vocesdelacomuna15.com.ar\/wp-content\/litespeed\/avatar\/82faf979976f1bae889b8b71f8a0a7e5.jpg?ver=1777419741","caption":"Federico Arguto"},"url":"https:\/\/vocesdelacomuna15.com.ar\/press\/author\/fede\/"}]}},"_links":{"self":[{"href":"https:\/\/vocesdelacomuna15.com.ar\/press\/wp-json\/wp\/v2\/posts\/51829","targetHints":{"allow":["GET"]}}],"collection":[{"href":"https:\/\/vocesdelacomuna15.com.ar\/press\/wp-json\/wp\/v2\/posts"}],"about":[{"href":"https:\/\/vocesdelacomuna15.com.ar\/press\/wp-json\/wp\/v2\/types\/post"}],"author":[{"embeddable":true,"href":"https:\/\/vocesdelacomuna15.com.ar\/press\/wp-json\/wp\/v2\/users\/2"}],"replies":[{"embeddable":true,"href":"https:\/\/vocesdelacomuna15.com.ar\/press\/wp-json\/wp\/v2\/comments?post=51829"}],"version-history":[{"count":1,"href":"https:\/\/vocesdelacomuna15.com.ar\/press\/wp-json\/wp\/v2\/posts\/51829\/revisions"}],"predecessor-version":[{"id":51831,"href":"https:\/\/vocesdelacomuna15.com.ar\/press\/wp-json\/wp\/v2\/posts\/51829\/revisions\/51831"}],"wp:featuredmedia":[{"embeddable":true,"href":"https:\/\/vocesdelacomuna15.com.ar\/press\/wp-json\/wp\/v2\/media\/54137"}],"wp:attachment":[{"href":"https:\/\/vocesdelacomuna15.com.ar\/press\/wp-json\/wp\/v2\/media?parent=51829"}],"wp:term":[{"taxonomy":"category","embeddable":true,"href":"https:\/\/vocesdelacomuna15.com.ar\/press\/wp-json\/wp\/v2\/categories?post=51829"},{"taxonomy":"post_tag","embeddable":true,"href":"https:\/\/vocesdelacomuna15.com.ar\/press\/wp-json\/wp\/v2\/tags?post=51829"}],"curies":[{"name":"wp","href":"https:\/\/api.w.org\/{rel}","templated":true}]}}