{"id":51826,"date":"2019-12-02T07:00:55","date_gmt":"2019-12-02T10:00:55","guid":{"rendered":"http:\/\/vocesdelacomuna15.com.ar\/wordpress\/?p=51826"},"modified":"2020-05-02T09:33:30","modified_gmt":"2020-05-02T12:33:30","slug":"horacio-rodriguez-larreta-presento-el-gabinete-de-la-ciudad-quienes-son-los-ministros-elegidos","status":"publish","type":"post","link":"https:\/\/vocesdelacomuna15.com.ar\/press\/horacio-rodriguez-larreta-presento-el-gabinete-de-la-ciudad-quienes-son-los-ministros-elegidos\/","title":{"rendered":"Horacio Rodr\u00edguez Larreta present\u00f3 el Gabinete de la Ciudad: qui\u00e9nes son los ministros elegidos"},"content":{"rendered":"\n<h4 class=\"wp-block-heading\">No hubo grandes sorpresas. El jefe de Gobierno mantuvo la mayor\u00eda de los nombres con los que trabaj\u00f3 en su primera gesti\u00f3n. Fuente: Clar\u00edn<\/h4>\n\n\n\n<p>Antes de que Alberto Fern\u00e1ndez devele el Gabinete nacional, en incluso anticip\u00e1ndose a la fecha en la que lo anunci\u00f3 hace cuatro a\u00f1os (los primeros d\u00edas de diciembre), previo al inicio de su primer mandato en la Ciudad, el jefe de Gobierno porte\u00f1o, Horacio Rodr\u00edguez Larreta, present\u00f3 este mi\u00e9rcoles a su Gabinete para la gesti\u00f3n que se inicia el 10 de diciembre. Aunque puede decirse que no hubo grandes sorpresas, la principal novedad es la disoluci\u00f3n del Ministerio de Desarrollo Urbano y Transporte, que tuvo a su cargo obras clave como el Paseo del Bajo y los viaductos de los trenes San Mart\u00edn y Mitre, ramal Tigre. Franco Moccia, a cargo de la cartera, ocupar\u00e1 la presidencia de la Fundaci\u00f3n Pensar y un lugar en el directorio del Banco Ciudad. Felipe Miguel seguir\u00e1 siendo el Jefe de Gabinete, como ocurri\u00f3 desde el inicio de la gesti\u00f3n de Larreta, en 2015. Y aunque no se confirm\u00f3, y contando la disoluci\u00f3n de Desarrollo Urbano, se mantendr\u00eda la cantidad de ministerios. Uno por uno, los nuevo y los que siguen Soledad Acu\u00f1a seguir\u00e1 al frente de Educaci\u00f3n. En el \u00e1rea, est\u00e1 entre los proyectos la construcci\u00f3n de nuevas escuelas y la implementaci\u00f3n del pol\u00e9mico proyecto de UniCABA, que tras las cr\u00edticas iniciales sufri\u00f3 modificaciones. Enrique Avogadro seguir\u00e1 como Ministro de Cultura. Avogadro se hizo cargo del \u00e1rea luego de la salida Angel Mahler, que a su vez hab\u00eda tomado el lugar que dej\u00f3 Dar\u00edo Lop\u00e9rfido. Mart\u00edn Mura continuar\u00e1 al frente de lo que hoy se conoce como ministerio de Econom\u00eda y Finanzas, aunque es probable que cambie el nombre y le ceda \u00e1reas al nuevo ministerio de Desarrollo Econ\u00f3mico que ser\u00e1 una de las novedades. El nombre que suena, aunque no fue confirmado oficialmente, es el de Jos\u00e9 Luis Giusti, cercano a Mart\u00edn Lousteau y al radicalismo porte\u00f1o. Bruno Screnci seguir\u00e1 al frente del Ministerio de Gobierno, como hasta ahora, mientras que Diego Santilli, adem\u00e1s de ser el vicejefe de Gobierno, continuar\u00e1 al mando de la cartera de de Justicia y Seguridad, rol que asumi\u00f3 tras la salida de Mart\u00edn Ocampo, que perdi\u00f3 su cargo luego del fallido operativo del River-Boca, por la final de la Copa Libertadores. Ana Mar\u00eda Bou P\u00e9rez (Salud) y Guadalupe Tagliaferri (Desarrollo Humano) dejar\u00e1n sus cargos para asumir como legisladora porte\u00f1a y senadora nacional, respectivamente. El elegido para Salud es Fern\u00e1n Gonz\u00e1lez Bernaldo de Quir\u00f3s, vicedirector del Hospital Italiano; mientras que a Desarrollo Humano y H\u00e1bitat ir\u00e1 Mar\u00eda Migliore, que ya trabaja en esa cartera, en el \u00e1rea de Vivienda. El Ministerio de Ambiente y Espacio P\u00fablico se convertir\u00e1 solo en Espacio P\u00fablico y su titular ser\u00e1 Clara Muzzio, que ahora es subsecretaria de V\u00edas Peatonales y tiene a su cargo la renovaci\u00f3n de las veredas de la Ciudad. Eduardo Macchiavelli, actual titular del \u00e1rea, quedar\u00e1 a cargo de la Secretar\u00eda de Ambiente, que gestionar\u00e1 solo una parte del actual ministerio. Macchiavelli, seg\u00fan trascendi\u00f3, tambi\u00e9n tendr\u00e1 un importante lugar en el armado del PRO a nivel nacional. Fue el jefe de campa\u00f1a de Larreta este a\u00f1o y se espera que sea uno de sus hombres cercanos para trabajar en una eventual candidatura presidencial para 2023. Aunque el \u00e1rea de Transporte, hasta ahora en el \u00e1mbito de Desarrollo Urbano, tomar\u00e1 vuelo propio y tendr\u00e1 reporte directo a la jefatura de Gabinete, todo parece indicar que Juan Jos\u00e9 M\u00e9ndez seguir\u00e1 siendo Secretario y no se lo otorgar\u00e1 rango de ministerio. Sumar\u00e1, bajo su \u00f3rbita, a Subterr\u00e1neos de Buenos Aires Sociedad del Estado (Sbase), que gestiona la nueva concesi\u00f3n del servicio y podr\u00eda atravesar cambios en la presidencia. Tambi\u00e9n controlar\u00e1 AUSA, que mantendr\u00eda su conducci\u00f3n, y las obras p\u00fablicas. Caracteres: 3.665 Fuente y Foto: Clar\u00edn<br><\/p>\n<div class=\"pvc_clear\"><\/div><p id=\"pvc_stats_51826\" class=\"pvc_stats all  \" data-element-id=\"51826\" style=\"\"><i class=\"pvc-stats-icon small\" aria-hidden=\"true\"><svg aria-hidden=\"true\" focusable=\"false\" data-prefix=\"far\" data-icon=\"chart-bar\" role=\"img\" xmlns=\"http:\/\/www.w3.org\/2000\/svg\" viewBox=\"0 0 512 512\" class=\"svg-inline--fa fa-chart-bar fa-w-16 fa-2x\"><path fill=\"currentColor\" d=\"M396.8 352h22.4c6.4 0 12.8-6.4 12.8-12.8V108.8c0-6.4-6.4-12.8-12.8-12.8h-22.4c-6.4 0-12.8 6.4-12.8 12.8v230.4c0 6.4 6.4 12.8 12.8 12.8zm-192 0h22.4c6.4 0 12.8-6.4 12.8-12.8V140.8c0-6.4-6.4-12.8-12.8-12.8h-22.4c-6.4 0-12.8 6.4-12.8 12.8v198.4c0 6.4 6.4 12.8 12.8 12.8zm96 0h22.4c6.4 0 12.8-6.4 12.8-12.8V204.8c0-6.4-6.4-12.8-12.8-12.8h-22.4c-6.4 0-12.8 6.4-12.8 12.8v134.4c0 6.4 6.4 12.8 12.8 12.8zM496 400H48V80c0-8.84-7.16-16-16-16H16C7.16 64 0 71.16 0 80v336c0 17.67 14.33 32 32 32h464c8.84 0 16-7.16 16-16v-16c0-8.84-7.16-16-16-16zm-387.2-48h22.4c6.4 0 12.8-6.4 12.8-12.8v-70.4c0-6.4-6.4-12.8-12.8-12.8h-22.4c-6.4 0-12.8 6.4-12.8 12.8v70.4c0 6.4 6.4 12.8 12.8 12.8z\" class=\"\"><\/path><\/svg><\/i> <img loading=\"lazy\" decoding=\"async\" width=\"16\" height=\"16\" alt=\"Loading\" src=\"https:\/\/vocesdelacomuna15.com.ar\/wp-content\/plugins\/page-views-count\/ajax-loader-2x.gif\" border=0 \/><\/p><div class=\"pvc_clear\"><\/div>","protected":false},"excerpt":{"rendered":"<p>No hubo grandes sorpresas. El jefe de Gobierno mantuvo la mayor\u00eda de los nombres con los que trabaj\u00f3 en su primera gesti\u00f3n. Fuente: Clar\u00edn Antes de que Alberto Fern\u00e1ndez devele el Gabinete nacional, en incluso anticip\u00e1ndose a la fecha en la que lo anunci\u00f3 hace cuatro a\u00f1os (los primeros d\u00edas de diciembre), previo al inicio [&hellip;]<\/p>\n<div class=\"pvc_clear\"><\/div>\n<p id=\"pvc_stats_51826\" class=\"pvc_stats all  \" data-element-id=\"51826\" style=\"\"><i class=\"pvc-stats-icon small\" aria-hidden=\"true\"><svg aria-hidden=\"true\" focusable=\"false\" data-prefix=\"far\" data-icon=\"chart-bar\" role=\"img\" xmlns=\"http:\/\/www.w3.org\/2000\/svg\" viewBox=\"0 0 512 512\" class=\"svg-inline--fa fa-chart-bar fa-w-16 fa-2x\"><path fill=\"currentColor\" d=\"M396.8 352h22.4c6.4 0 12.8-6.4 12.8-12.8V108.8c0-6.4-6.4-12.8-12.8-12.8h-22.4c-6.4 0-12.8 6.4-12.8 12.8v230.4c0 6.4 6.4 12.8 12.8 12.8zm-192 0h22.4c6.4 0 12.8-6.4 12.8-12.8V140.8c0-6.4-6.4-12.8-12.8-12.8h-22.4c-6.4 0-12.8 6.4-12.8 12.8v198.4c0 6.4 6.4 12.8 12.8 12.8zm96 0h22.4c6.4 0 12.8-6.4 12.8-12.8V204.8c0-6.4-6.4-12.8-12.8-12.8h-22.4c-6.4 0-12.8 6.4-12.8 12.8v134.4c0 6.4 6.4 12.8 12.8 12.8zM496 400H48V80c0-8.84-7.16-16-16-16H16C7.16 64 0 71.16 0 80v336c0 17.67 14.33 32 32 32h464c8.84 0 16-7.16 16-16v-16c0-8.84-7.16-16-16-16zm-387.2-48h22.4c6.4 0 12.8-6.4 12.8-12.8v-70.4c0-6.4-6.4-12.8-12.8-12.8h-22.4c-6.4 0-12.8 6.4-12.8 12.8v70.4c0 6.4 6.4 12.8 12.8 12.8z\" class=\"\"><\/path><\/svg><\/i> <img loading=\"lazy\" decoding=\"async\" width=\"16\" height=\"16\" alt=\"Loading\" src=\"https:\/\/vocesdelacomuna15.com.ar\/wp-content\/plugins\/page-views-count\/ajax-loader-2x.gif\" border=0 \/><\/p>\n<div class=\"pvc_clear\"><\/div>\n","protected":false},"author":2,"featured_media":51827,"comment_status":"open","ping_status":"open","sticky":false,"template":"","format":"standard","meta":{"_et_pb_use_builder":"off","_et_pb_old_content":"","_et_gb_content_width":"","footnotes":""},"categories":[31],"tags":[],"class_list":["post-51826","post","type-post","status-publish","format-standard","has-post-thumbnail","hentry","category-politica","et-has-post-format-content","et_post_format-et-post-format-standard"],"a3_pvc":{"activated":true,"total_views":154,"today_views":0},"yoast_head":"<!-- This site is optimized with the Yoast SEO plugin v27.5 - https:\/\/yoast.com\/product\/yoast-seo-wordpress\/ -->\n<title>Horacio Rodr\u00edguez Larreta present\u00f3 el Gabinete de la Ciudad: qui\u00e9nes son los ministros elegidos - Voces de la Comuna 15<\/title>\n<meta name=\"description\" content=\"Voces de la Comuna 15\" \/>\n<meta name=\"robots\" content=\"index, follow, max-snippet:-1, max-image-preview:large, max-video-preview:-1\" \/>\n<link rel=\"canonical\" href=\"https:\/\/vocesdelacomuna15.com.ar\/press\/horacio-rodriguez-larreta-presento-el-gabinete-de-la-ciudad-quienes-son-los-ministros-elegidos\/\" \/>\n<meta property=\"og:locale\" content=\"es_ES\" \/>\n<meta property=\"og:type\" content=\"article\" \/>\n<meta property=\"og:title\" content=\"Horacio Rodr\u00edguez Larreta present\u00f3 el Gabinete de la Ciudad: qui\u00e9nes son los ministros elegidos - Voces de la Comuna 15\" \/>\n<meta property=\"og:description\" content=\"Voces de la Comuna 15\" \/>\n<meta property=\"og:url\" content=\"https:\/\/vocesdelacomuna15.com.ar\/press\/horacio-rodriguez-larreta-presento-el-gabinete-de-la-ciudad-quienes-son-los-ministros-elegidos\/\" \/>\n<meta property=\"og:site_name\" content=\"Voces de la Comuna 15\" \/>\n<meta property=\"article:publisher\" content=\"https:\/\/www.facebook.com\/VocesComuna15\/\" \/>\n<meta property=\"article:published_time\" content=\"2019-12-02T10:00:55+00:00\" \/>\n<meta property=\"article:modified_time\" content=\"2020-05-02T12:33:30+00:00\" \/>\n<meta property=\"og:image\" content=\"https:\/\/vocesdelacomuna15.com.ar\/wp-content\/uploads\/2020\/05\/clarin-28112019.png\" \/>\n\t<meta property=\"og:image:width\" content=\"1145\" \/>\n\t<meta property=\"og:image:height\" content=\"382\" \/>\n\t<meta property=\"og:image:type\" content=\"image\/png\" \/>\n<meta name=\"author\" content=\"Federico Arguto\" \/>\n<meta name=\"twitter:card\" content=\"summary_large_image\" \/>\n<meta name=\"twitter:creator\" content=\"@vocescomuna15\" \/>\n<meta name=\"twitter:site\" content=\"@vocescomuna15\" \/>\n<meta name=\"twitter:label1\" content=\"Escrito por\" \/>\n\t<meta name=\"twitter:data1\" content=\"Federico Arguto\" \/>\n\t<meta name=\"twitter:label2\" content=\"Tiempo de lectura\" \/>\n\t<meta name=\"twitter:data2\" content=\"3 minutos\" \/>\n<script type=\"application\/ld+json\" class=\"yoast-schema-graph\">{\"@context\":\"https:\\\/\\\/schema.org\",\"@graph\":[{\"@type\":\"Article\",\"@id\":\"https:\\\/\\\/vocesdelacomuna15.com.ar\\\/press\\\/horacio-rodriguez-larreta-presento-el-gabinete-de-la-ciudad-quienes-son-los-ministros-elegidos\\\/#article\",\"isPartOf\":{\"@id\":\"https:\\\/\\\/vocesdelacomuna15.com.ar\\\/press\\\/horacio-rodriguez-larreta-presento-el-gabinete-de-la-ciudad-quienes-son-los-ministros-elegidos\\\/\"},\"author\":{\"name\":\"Federico Arguto\",\"@id\":\"https:\\\/\\\/vocesdelacomuna15.com.ar\\\/press\\\/#\\\/schema\\\/person\\\/4739e109db25d799cd3d139eeb509e43\"},\"headline\":\"Horacio Rodr\u00edguez Larreta present\u00f3 el Gabinete de la Ciudad: qui\u00e9nes son los ministros elegidos\",\"datePublished\":\"2019-12-02T10:00:55+00:00\",\"dateModified\":\"2020-05-02T12:33:30+00:00\",\"mainEntityOfPage\":{\"@id\":\"https:\\\/\\\/vocesdelacomuna15.com.ar\\\/press\\\/horacio-rodriguez-larreta-presento-el-gabinete-de-la-ciudad-quienes-son-los-ministros-elegidos\\\/\"},\"wordCount\":710,\"commentCount\":0,\"publisher\":{\"@id\":\"https:\\\/\\\/vocesdelacomuna15.com.ar\\\/press\\\/#organization\"},\"image\":{\"@id\":\"https:\\\/\\\/vocesdelacomuna15.com.ar\\\/press\\\/horacio-rodriguez-larreta-presento-el-gabinete-de-la-ciudad-quienes-son-los-ministros-elegidos\\\/#primaryimage\"},\"thumbnailUrl\":\"https:\\\/\\\/vocesdelacomuna15.com.ar\\\/wp-content\\\/uploads\\\/2020\\\/05\\\/clarin-28112019.png\",\"articleSection\":[\"Pol\u00edtica\"],\"inLanguage\":\"es-AR\",\"potentialAction\":[{\"@type\":\"CommentAction\",\"name\":\"Comment\",\"target\":[\"https:\\\/\\\/vocesdelacomuna15.com.ar\\\/press\\\/horacio-rodriguez-larreta-presento-el-gabinete-de-la-ciudad-quienes-son-los-ministros-elegidos\\\/#respond\"]}]},{\"@type\":\"WebPage\",\"@id\":\"https:\\\/\\\/vocesdelacomuna15.com.ar\\\/press\\\/horacio-rodriguez-larreta-presento-el-gabinete-de-la-ciudad-quienes-son-los-ministros-elegidos\\\/\",\"url\":\"https:\\\/\\\/vocesdelacomuna15.com.ar\\\/press\\\/horacio-rodriguez-larreta-presento-el-gabinete-de-la-ciudad-quienes-son-los-ministros-elegidos\\\/\",\"name\":\"Horacio Rodr\u00edguez Larreta present\u00f3 el Gabinete de la Ciudad: qui\u00e9nes son los ministros elegidos - Voces de la Comuna 15\",\"isPartOf\":{\"@id\":\"https:\\\/\\\/vocesdelacomuna15.com.ar\\\/press\\\/#website\"},\"primaryImageOfPage\":{\"@id\":\"https:\\\/\\\/vocesdelacomuna15.com.ar\\\/press\\\/horacio-rodriguez-larreta-presento-el-gabinete-de-la-ciudad-quienes-son-los-ministros-elegidos\\\/#primaryimage\"},\"image\":{\"@id\":\"https:\\\/\\\/vocesdelacomuna15.com.ar\\\/press\\\/horacio-rodriguez-larreta-presento-el-gabinete-de-la-ciudad-quienes-son-los-ministros-elegidos\\\/#primaryimage\"},\"thumbnailUrl\":\"https:\\\/\\\/vocesdelacomuna15.com.ar\\\/wp-content\\\/uploads\\\/2020\\\/05\\\/clarin-28112019.png\",\"datePublished\":\"2019-12-02T10:00:55+00:00\",\"dateModified\":\"2020-05-02T12:33:30+00:00\",\"description\":\"Voces de la Comuna 15\",\"breadcrumb\":{\"@id\":\"https:\\\/\\\/vocesdelacomuna15.com.ar\\\/press\\\/horacio-rodriguez-larreta-presento-el-gabinete-de-la-ciudad-quienes-son-los-ministros-elegidos\\\/#breadcrumb\"},\"inLanguage\":\"es-AR\",\"potentialAction\":[{\"@type\":\"ReadAction\",\"target\":[\"https:\\\/\\\/vocesdelacomuna15.com.ar\\\/press\\\/horacio-rodriguez-larreta-presento-el-gabinete-de-la-ciudad-quienes-son-los-ministros-elegidos\\\/\"]}]},{\"@type\":\"ImageObject\",\"inLanguage\":\"es-AR\",\"@id\":\"https:\\\/\\\/vocesdelacomuna15.com.ar\\\/press\\\/horacio-rodriguez-larreta-presento-el-gabinete-de-la-ciudad-quienes-son-los-ministros-elegidos\\\/#primaryimage\",\"url\":\"https:\\\/\\\/vocesdelacomuna15.com.ar\\\/wp-content\\\/uploads\\\/2020\\\/05\\\/clarin-28112019.png\",\"contentUrl\":\"https:\\\/\\\/vocesdelacomuna15.com.ar\\\/wp-content\\\/uploads\\\/2020\\\/05\\\/clarin-28112019.png\",\"width\":1145,\"height\":382},{\"@type\":\"BreadcrumbList\",\"@id\":\"https:\\\/\\\/vocesdelacomuna15.com.ar\\\/press\\\/horacio-rodriguez-larreta-presento-el-gabinete-de-la-ciudad-quienes-son-los-ministros-elegidos\\\/#breadcrumb\",\"itemListElement\":[{\"@type\":\"ListItem\",\"position\":1,\"name\":\"Inicio\",\"item\":\"https:\\\/\\\/vocesdelacomuna15.com.ar\\\/press\\\/\"},{\"@type\":\"ListItem\",\"position\":2,\"name\":\"Horacio Rodr\u00edguez Larreta present\u00f3 el Gabinete de la Ciudad: qui\u00e9nes son los ministros elegidos\"}]},{\"@type\":\"WebSite\",\"@id\":\"https:\\\/\\\/vocesdelacomuna15.com.ar\\\/press\\\/#website\",\"url\":\"https:\\\/\\\/vocesdelacomuna15.com.ar\\\/press\\\/\",\"name\":\"Voces de la Comuna 15\",\"description\":\"Sitio web de noticias\",\"publisher\":{\"@id\":\"https:\\\/\\\/vocesdelacomuna15.com.ar\\\/press\\\/#organization\"},\"potentialAction\":[{\"@type\":\"SearchAction\",\"target\":{\"@type\":\"EntryPoint\",\"urlTemplate\":\"https:\\\/\\\/vocesdelacomuna15.com.ar\\\/press\\\/?s={search_term_string}\"},\"query-input\":{\"@type\":\"PropertyValueSpecification\",\"valueRequired\":true,\"valueName\":\"search_term_string\"}}],\"inLanguage\":\"es-AR\"},{\"@type\":\"Organization\",\"@id\":\"https:\\\/\\\/vocesdelacomuna15.com.ar\\\/press\\\/#organization\",\"name\":\"Voces de la Comuna 15\",\"url\":\"https:\\\/\\\/vocesdelacomuna15.com.ar\\\/press\\\/\",\"logo\":{\"@type\":\"ImageObject\",\"inLanguage\":\"es-AR\",\"@id\":\"https:\\\/\\\/vocesdelacomuna15.com.ar\\\/press\\\/#\\\/schema\\\/logo\\\/image\\\/\",\"url\":\"https:\\\/\\\/vocesdelacomuna15.com.ar\\\/wp-content\\\/uploads\\\/2024\\\/12\\\/cropped-logo_voces.jpg\",\"contentUrl\":\"https:\\\/\\\/vocesdelacomuna15.com.ar\\\/wp-content\\\/uploads\\\/2024\\\/12\\\/cropped-logo_voces.jpg\",\"width\":512,\"height\":512,\"caption\":\"Voces de la Comuna 15\"},\"image\":{\"@id\":\"https:\\\/\\\/vocesdelacomuna15.com.ar\\\/press\\\/#\\\/schema\\\/logo\\\/image\\\/\"},\"sameAs\":[\"https:\\\/\\\/www.facebook.com\\\/VocesComuna15\\\/\",\"https:\\\/\\\/x.com\\\/vocescomuna15\"]},{\"@type\":\"Person\",\"@id\":\"https:\\\/\\\/vocesdelacomuna15.com.ar\\\/press\\\/#\\\/schema\\\/person\\\/4739e109db25d799cd3d139eeb509e43\",\"name\":\"Federico Arguto\",\"image\":{\"@type\":\"ImageObject\",\"inLanguage\":\"es-AR\",\"@id\":\"https:\\\/\\\/vocesdelacomuna15.com.ar\\\/wp-content\\\/litespeed\\\/avatar\\\/82faf979976f1bae889b8b71f8a0a7e5.jpg?ver=1777419741\",\"url\":\"https:\\\/\\\/vocesdelacomuna15.com.ar\\\/wp-content\\\/litespeed\\\/avatar\\\/82faf979976f1bae889b8b71f8a0a7e5.jpg?ver=1777419741\",\"contentUrl\":\"https:\\\/\\\/vocesdelacomuna15.com.ar\\\/wp-content\\\/litespeed\\\/avatar\\\/82faf979976f1bae889b8b71f8a0a7e5.jpg?ver=1777419741\",\"caption\":\"Federico Arguto\"},\"url\":\"https:\\\/\\\/vocesdelacomuna15.com.ar\\\/press\\\/author\\\/fede\\\/\"}]}<\/script>\n<!-- \/ Yoast SEO plugin. -->","yoast_head_json":{"title":"Horacio Rodr\u00edguez Larreta present\u00f3 el Gabinete de la Ciudad: qui\u00e9nes son los ministros elegidos - Voces de la Comuna 15","description":"Voces de la Comuna 15","robots":{"index":"index","follow":"follow","max-snippet":"max-snippet:-1","max-image-preview":"max-image-preview:large","max-video-preview":"max-video-preview:-1"},"canonical":"https:\/\/vocesdelacomuna15.com.ar\/press\/horacio-rodriguez-larreta-presento-el-gabinete-de-la-ciudad-quienes-son-los-ministros-elegidos\/","og_locale":"es_ES","og_type":"article","og_title":"Horacio Rodr\u00edguez Larreta present\u00f3 el Gabinete de la Ciudad: qui\u00e9nes son los ministros elegidos - Voces de la Comuna 15","og_description":"Voces de la Comuna 15","og_url":"https:\/\/vocesdelacomuna15.com.ar\/press\/horacio-rodriguez-larreta-presento-el-gabinete-de-la-ciudad-quienes-son-los-ministros-elegidos\/","og_site_name":"Voces de la Comuna 15","article_publisher":"https:\/\/www.facebook.com\/VocesComuna15\/","article_published_time":"2019-12-02T10:00:55+00:00","article_modified_time":"2020-05-02T12:33:30+00:00","og_image":[{"width":1145,"height":382,"url":"https:\/\/vocesdelacomuna15.com.ar\/wp-content\/uploads\/2020\/05\/clarin-28112019.png","type":"image\/png"}],"author":"Federico Arguto","twitter_card":"summary_large_image","twitter_creator":"@vocescomuna15","twitter_site":"@vocescomuna15","twitter_misc":{"Escrito por":"Federico Arguto","Tiempo de lectura":"3 minutos"},"schema":{"@context":"https:\/\/schema.org","@graph":[{"@type":"Article","@id":"https:\/\/vocesdelacomuna15.com.ar\/press\/horacio-rodriguez-larreta-presento-el-gabinete-de-la-ciudad-quienes-son-los-ministros-elegidos\/#article","isPartOf":{"@id":"https:\/\/vocesdelacomuna15.com.ar\/press\/horacio-rodriguez-larreta-presento-el-gabinete-de-la-ciudad-quienes-son-los-ministros-elegidos\/"},"author":{"name":"Federico Arguto","@id":"https:\/\/vocesdelacomuna15.com.ar\/press\/#\/schema\/person\/4739e109db25d799cd3d139eeb509e43"},"headline":"Horacio Rodr\u00edguez Larreta present\u00f3 el Gabinete de la Ciudad: qui\u00e9nes son los ministros elegidos","datePublished":"2019-12-02T10:00:55+00:00","dateModified":"2020-05-02T12:33:30+00:00","mainEntityOfPage":{"@id":"https:\/\/vocesdelacomuna15.com.ar\/press\/horacio-rodriguez-larreta-presento-el-gabinete-de-la-ciudad-quienes-son-los-ministros-elegidos\/"},"wordCount":710,"commentCount":0,"publisher":{"@id":"https:\/\/vocesdelacomuna15.com.ar\/press\/#organization"},"image":{"@id":"https:\/\/vocesdelacomuna15.com.ar\/press\/horacio-rodriguez-larreta-presento-el-gabinete-de-la-ciudad-quienes-son-los-ministros-elegidos\/#primaryimage"},"thumbnailUrl":"https:\/\/vocesdelacomuna15.com.ar\/wp-content\/uploads\/2020\/05\/clarin-28112019.png","articleSection":["Pol\u00edtica"],"inLanguage":"es-AR","potentialAction":[{"@type":"CommentAction","name":"Comment","target":["https:\/\/vocesdelacomuna15.com.ar\/press\/horacio-rodriguez-larreta-presento-el-gabinete-de-la-ciudad-quienes-son-los-ministros-elegidos\/#respond"]}]},{"@type":"WebPage","@id":"https:\/\/vocesdelacomuna15.com.ar\/press\/horacio-rodriguez-larreta-presento-el-gabinete-de-la-ciudad-quienes-son-los-ministros-elegidos\/","url":"https:\/\/vocesdelacomuna15.com.ar\/press\/horacio-rodriguez-larreta-presento-el-gabinete-de-la-ciudad-quienes-son-los-ministros-elegidos\/","name":"Horacio Rodr\u00edguez Larreta present\u00f3 el Gabinete de la Ciudad: qui\u00e9nes son los ministros elegidos - Voces de la Comuna 15","isPartOf":{"@id":"https:\/\/vocesdelacomuna15.com.ar\/press\/#website"},"primaryImageOfPage":{"@id":"https:\/\/vocesdelacomuna15.com.ar\/press\/horacio-rodriguez-larreta-presento-el-gabinete-de-la-ciudad-quienes-son-los-ministros-elegidos\/#primaryimage"},"image":{"@id":"https:\/\/vocesdelacomuna15.com.ar\/press\/horacio-rodriguez-larreta-presento-el-gabinete-de-la-ciudad-quienes-son-los-ministros-elegidos\/#primaryimage"},"thumbnailUrl":"https:\/\/vocesdelacomuna15.com.ar\/wp-content\/uploads\/2020\/05\/clarin-28112019.png","datePublished":"2019-12-02T10:00:55+00:00","dateModified":"2020-05-02T12:33:30+00:00","description":"Voces de la Comuna 15","breadcrumb":{"@id":"https:\/\/vocesdelacomuna15.com.ar\/press\/horacio-rodriguez-larreta-presento-el-gabinete-de-la-ciudad-quienes-son-los-ministros-elegidos\/#breadcrumb"},"inLanguage":"es-AR","potentialAction":[{"@type":"ReadAction","target":["https:\/\/vocesdelacomuna15.com.ar\/press\/horacio-rodriguez-larreta-presento-el-gabinete-de-la-ciudad-quienes-son-los-ministros-elegidos\/"]}]},{"@type":"ImageObject","inLanguage":"es-AR","@id":"https:\/\/vocesdelacomuna15.com.ar\/press\/horacio-rodriguez-larreta-presento-el-gabinete-de-la-ciudad-quienes-son-los-ministros-elegidos\/#primaryimage","url":"https:\/\/vocesdelacomuna15.com.ar\/wp-content\/uploads\/2020\/05\/clarin-28112019.png","contentUrl":"https:\/\/vocesdelacomuna15.com.ar\/wp-content\/uploads\/2020\/05\/clarin-28112019.png","width":1145,"height":382},{"@type":"BreadcrumbList","@id":"https:\/\/vocesdelacomuna15.com.ar\/press\/horacio-rodriguez-larreta-presento-el-gabinete-de-la-ciudad-quienes-son-los-ministros-elegidos\/#breadcrumb","itemListElement":[{"@type":"ListItem","position":1,"name":"Inicio","item":"https:\/\/vocesdelacomuna15.com.ar\/press\/"},{"@type":"ListItem","position":2,"name":"Horacio Rodr\u00edguez Larreta present\u00f3 el Gabinete de la Ciudad: qui\u00e9nes son los ministros elegidos"}]},{"@type":"WebSite","@id":"https:\/\/vocesdelacomuna15.com.ar\/press\/#website","url":"https:\/\/vocesdelacomuna15.com.ar\/press\/","name":"Voces de la Comuna 15","description":"Sitio web de noticias","publisher":{"@id":"https:\/\/vocesdelacomuna15.com.ar\/press\/#organization"},"potentialAction":[{"@type":"SearchAction","target":{"@type":"EntryPoint","urlTemplate":"https:\/\/vocesdelacomuna15.com.ar\/press\/?s={search_term_string}"},"query-input":{"@type":"PropertyValueSpecification","valueRequired":true,"valueName":"search_term_string"}}],"inLanguage":"es-AR"},{"@type":"Organization","@id":"https:\/\/vocesdelacomuna15.com.ar\/press\/#organization","name":"Voces de la Comuna 15","url":"https:\/\/vocesdelacomuna15.com.ar\/press\/","logo":{"@type":"ImageObject","inLanguage":"es-AR","@id":"https:\/\/vocesdelacomuna15.com.ar\/press\/#\/schema\/logo\/image\/","url":"https:\/\/vocesdelacomuna15.com.ar\/wp-content\/uploads\/2024\/12\/cropped-logo_voces.jpg","contentUrl":"https:\/\/vocesdelacomuna15.com.ar\/wp-content\/uploads\/2024\/12\/cropped-logo_voces.jpg","width":512,"height":512,"caption":"Voces de la Comuna 15"},"image":{"@id":"https:\/\/vocesdelacomuna15.com.ar\/press\/#\/schema\/logo\/image\/"},"sameAs":["https:\/\/www.facebook.com\/VocesComuna15\/","https:\/\/x.com\/vocescomuna15"]},{"@type":"Person","@id":"https:\/\/vocesdelacomuna15.com.ar\/press\/#\/schema\/person\/4739e109db25d799cd3d139eeb509e43","name":"Federico Arguto","image":{"@type":"ImageObject","inLanguage":"es-AR","@id":"https:\/\/vocesdelacomuna15.com.ar\/wp-content\/litespeed\/avatar\/82faf979976f1bae889b8b71f8a0a7e5.jpg?ver=1777419741","url":"https:\/\/vocesdelacomuna15.com.ar\/wp-content\/litespeed\/avatar\/82faf979976f1bae889b8b71f8a0a7e5.jpg?ver=1777419741","contentUrl":"https:\/\/vocesdelacomuna15.com.ar\/wp-content\/litespeed\/avatar\/82faf979976f1bae889b8b71f8a0a7e5.jpg?ver=1777419741","caption":"Federico Arguto"},"url":"https:\/\/vocesdelacomuna15.com.ar\/press\/author\/fede\/"}]}},"_links":{"self":[{"href":"https:\/\/vocesdelacomuna15.com.ar\/press\/wp-json\/wp\/v2\/posts\/51826","targetHints":{"allow":["GET"]}}],"collection":[{"href":"https:\/\/vocesdelacomuna15.com.ar\/press\/wp-json\/wp\/v2\/posts"}],"about":[{"href":"https:\/\/vocesdelacomuna15.com.ar\/press\/wp-json\/wp\/v2\/types\/post"}],"author":[{"embeddable":true,"href":"https:\/\/vocesdelacomuna15.com.ar\/press\/wp-json\/wp\/v2\/users\/2"}],"replies":[{"embeddable":true,"href":"https:\/\/vocesdelacomuna15.com.ar\/press\/wp-json\/wp\/v2\/comments?post=51826"}],"version-history":[{"count":1,"href":"https:\/\/vocesdelacomuna15.com.ar\/press\/wp-json\/wp\/v2\/posts\/51826\/revisions"}],"predecessor-version":[{"id":51828,"href":"https:\/\/vocesdelacomuna15.com.ar\/press\/wp-json\/wp\/v2\/posts\/51826\/revisions\/51828"}],"wp:featuredmedia":[{"embeddable":true,"href":"https:\/\/vocesdelacomuna15.com.ar\/press\/wp-json\/wp\/v2\/media\/51827"}],"wp:attachment":[{"href":"https:\/\/vocesdelacomuna15.com.ar\/press\/wp-json\/wp\/v2\/media?parent=51826"}],"wp:term":[{"taxonomy":"category","embeddable":true,"href":"https:\/\/vocesdelacomuna15.com.ar\/press\/wp-json\/wp\/v2\/categories?post=51826"},{"taxonomy":"post_tag","embeddable":true,"href":"https:\/\/vocesdelacomuna15.com.ar\/press\/wp-json\/wp\/v2\/tags?post=51826"}],"curies":[{"name":"wp","href":"https:\/\/api.w.org\/{rel}","templated":true}]}}