{"id":51823,"date":"2019-12-02T07:15:04","date_gmt":"2019-12-02T10:15:04","guid":{"rendered":"http:\/\/vocesdelacomuna15.com.ar\/wordpress\/?p=51823"},"modified":"2020-05-02T09:31:52","modified_gmt":"2020-05-02T12:31:52","slug":"la-mesa-nacional-de-unidad-pyme-lanzo-propuestas-para-reactivar-la-economia","status":"publish","type":"post","link":"https:\/\/vocesdelacomuna15.com.ar\/press\/la-mesa-nacional-de-unidad-pyme-lanzo-propuestas-para-reactivar-la-economia\/","title":{"rendered":"La Mesa Nacional de Unidad PYME lanz\u00f3 propuestas para reactivar la econom\u00eda"},"content":{"rendered":"\n<h4 class=\"wp-block-heading\">Contaron con el aval de Alberto Fern\u00e1ndez, que mand\u00f3 una carta de adhesi\u00f3n. El encuentro fue el mi\u00e9rcoles 27 en la Universidad Metropolitana para la Educaci\u00f3n y el Trabajo. Particip\u00f3 Comercios Activos C.A.B.A, entidad de la que forma parte la Asociaci\u00f3n de Comerciantes, Industriales, Profesionales y Amigos de Villa Ort\u00fazar y Parque Chas.<\/h4>\n\n\n\n<p>El pasado mi\u00e9rcoles 27 de noviembre, la Mesa Nacional de Unidad Pyme organiz\u00f3 un encuentro en la Universidad Metropolitana para la Educaci\u00f3n y el Trabajo (UMET), situada en Sarmiento 2037. All\u00ed peque\u00f1as y medianas empresas dieron a conocer una serie de propuestas para buscar revertir la dif\u00edcil situaci\u00f3n que atraviesa el sector. El presidente electo Alberto Fern\u00e1ndez envi\u00f3 una carta de adhesi\u00f3n, que aqu\u00ed reproducimos: Pymes Motor del Desarrollo Inclusivo Un pa\u00eds sin peque\u00f1as y medianas empresas est\u00e1 destinado al fracaso. Ya que estas son el principal motor de la econom\u00eda. En ellas se emplean gran parte de los argentinos y argentinas que luchan d\u00eda a d\u00eda por fortalecer y sacar a sus familias adelante. Adem\u00e1s de la distribuci\u00f3n equitativa que significan para el crecimiento de nuestra econom\u00eda. La pasi\u00f3n y las ganas que demuestran tener los emprendedores que se aventuran a crear una peque\u00f1a o mediana empresa, es digno de destacar y resaltar. Sabemos los momentos dif\u00edciles que atravesaron durante estos \u00faltimos cuatro a\u00f1os. Es por ello que desde el primer d\u00eda de mi mandato dedicar\u00e9 mi mayor esfuerzo para que el estado nacional est\u00e9 presente trabajando, fortaleciendo y desarrollando cada una de las Pymes que van a poner otra vez a la Argentina de pie. ALBERTO FERN\u00c1NDEZ PRESIDENTE ELECTO En el encuentro se efectu\u00f3 un diagn\u00f3stico de la situaci\u00f3n productiva del pa\u00eds y se presentaron distintas iniciativas, ante m\u00e1s de 300 representantes de la producci\u00f3n nacional en el auditorio de la UMET. En la Mesa Nacional de Unidad Pyme participaron dirigentes de Agrupaci\u00f3n Ber Gelbard; Industriales Pymes Argentinos (IPA); Asamblea de Peque\u00f1os y Medianos Empresarios (APYME); Central de Entidades Empresarias Nacionales (CEEN); Comercios Activos C.A.B.A; Consejo Productivo Nacional; Asociaci\u00f3n de Empresarios Nacionales (ENAC); Frente Productivo Nacional; Mesa Empresaria Justicialista; Red Inclusiva para la Expansi\u00f3n Laboral (RIEL); Pro Tejer; y Pymes Sur. El evento cont\u00f3 tambi\u00e9n con adhesiones de la Asociaci\u00f3n Pyme, la Corriente Agraria Nacional y Popular (CANPo) y la Confederaci\u00f3n Nacional de Cooperativas de Trabajo (CNCT) tambi\u00e9n estuvieron presentes el diputado nacional electo por la provincia de C\u00f3rdoba Eduardo Fern\u00e1ndez; el secretario general del Sindicato de Obreros Curtidores, Walter Correa; el director de la Licenciatura en Econom\u00eda de la Universidad Nacional de Avellaneda, Santiago Fraschina y el dirigente pyme Rafael Kohanoff; entre otros. El presidente de la Asamblea de Peque\u00f1os y Medianos Empresarios (APYME) Juli\u00e1n Moreno, pidi\u00f3 que las pymes sean protagonistas del crecimiento del pa\u00eds ya que son \u201cactores redistributivos\u201d. Por su parte, Federico Cuomo, titular de la Red Inclusiva para la Expansi\u00f3n Laboral (RIEL) declar\u00f3: \u201cEl modelo neoliberal vino a llevarse puestas las f\u00e1bricas, pymes y comercios\u201d. Y a\u00f1adi\u00f3: \u201cPara que Alberto y Cristina cambien el eje de lo financiero a lo productivo hay que lograr una gran masa pyme nacional y generar un puente de entendimiento con el sector p\u00fablico\u201d. Caracteres: 3.020<\/p>\n<div class=\"pvc_clear\"><\/div><p id=\"pvc_stats_51823\" class=\"pvc_stats all  \" data-element-id=\"51823\" style=\"\"><i class=\"pvc-stats-icon small\" aria-hidden=\"true\"><svg aria-hidden=\"true\" focusable=\"false\" data-prefix=\"far\" data-icon=\"chart-bar\" role=\"img\" xmlns=\"http:\/\/www.w3.org\/2000\/svg\" viewBox=\"0 0 512 512\" class=\"svg-inline--fa fa-chart-bar fa-w-16 fa-2x\"><path fill=\"currentColor\" d=\"M396.8 352h22.4c6.4 0 12.8-6.4 12.8-12.8V108.8c0-6.4-6.4-12.8-12.8-12.8h-22.4c-6.4 0-12.8 6.4-12.8 12.8v230.4c0 6.4 6.4 12.8 12.8 12.8zm-192 0h22.4c6.4 0 12.8-6.4 12.8-12.8V140.8c0-6.4-6.4-12.8-12.8-12.8h-22.4c-6.4 0-12.8 6.4-12.8 12.8v198.4c0 6.4 6.4 12.8 12.8 12.8zm96 0h22.4c6.4 0 12.8-6.4 12.8-12.8V204.8c0-6.4-6.4-12.8-12.8-12.8h-22.4c-6.4 0-12.8 6.4-12.8 12.8v134.4c0 6.4 6.4 12.8 12.8 12.8zM496 400H48V80c0-8.84-7.16-16-16-16H16C7.16 64 0 71.16 0 80v336c0 17.67 14.33 32 32 32h464c8.84 0 16-7.16 16-16v-16c0-8.84-7.16-16-16-16zm-387.2-48h22.4c6.4 0 12.8-6.4 12.8-12.8v-70.4c0-6.4-6.4-12.8-12.8-12.8h-22.4c-6.4 0-12.8 6.4-12.8 12.8v70.4c0 6.4 6.4 12.8 12.8 12.8z\" class=\"\"><\/path><\/svg><\/i> <img loading=\"lazy\" decoding=\"async\" width=\"16\" height=\"16\" alt=\"Loading\" src=\"https:\/\/vocesdelacomuna15.com.ar\/wp-content\/plugins\/page-views-count\/ajax-loader-2x.gif\" border=0 \/><\/p><div class=\"pvc_clear\"><\/div>","protected":false},"excerpt":{"rendered":"<p>Contaron con el aval de Alberto Fern\u00e1ndez, que mand\u00f3 una carta de adhesi\u00f3n. El encuentro fue el mi\u00e9rcoles 27 en la Universidad Metropolitana para la Educaci\u00f3n y el Trabajo. Particip\u00f3 Comercios Activos C.A.B.A, entidad de la que forma parte la Asociaci\u00f3n de Comerciantes, Industriales, Profesionales y Amigos de Villa Ort\u00fazar y Parque Chas. El pasado [&hellip;]<\/p>\n<div class=\"pvc_clear\"><\/div>\n<p id=\"pvc_stats_51823\" class=\"pvc_stats all  \" data-element-id=\"51823\" style=\"\"><i class=\"pvc-stats-icon small\" aria-hidden=\"true\"><svg aria-hidden=\"true\" focusable=\"false\" data-prefix=\"far\" data-icon=\"chart-bar\" role=\"img\" xmlns=\"http:\/\/www.w3.org\/2000\/svg\" viewBox=\"0 0 512 512\" class=\"svg-inline--fa fa-chart-bar fa-w-16 fa-2x\"><path fill=\"currentColor\" d=\"M396.8 352h22.4c6.4 0 12.8-6.4 12.8-12.8V108.8c0-6.4-6.4-12.8-12.8-12.8h-22.4c-6.4 0-12.8 6.4-12.8 12.8v230.4c0 6.4 6.4 12.8 12.8 12.8zm-192 0h22.4c6.4 0 12.8-6.4 12.8-12.8V140.8c0-6.4-6.4-12.8-12.8-12.8h-22.4c-6.4 0-12.8 6.4-12.8 12.8v198.4c0 6.4 6.4 12.8 12.8 12.8zm96 0h22.4c6.4 0 12.8-6.4 12.8-12.8V204.8c0-6.4-6.4-12.8-12.8-12.8h-22.4c-6.4 0-12.8 6.4-12.8 12.8v134.4c0 6.4 6.4 12.8 12.8 12.8zM496 400H48V80c0-8.84-7.16-16-16-16H16C7.16 64 0 71.16 0 80v336c0 17.67 14.33 32 32 32h464c8.84 0 16-7.16 16-16v-16c0-8.84-7.16-16-16-16zm-387.2-48h22.4c6.4 0 12.8-6.4 12.8-12.8v-70.4c0-6.4-6.4-12.8-12.8-12.8h-22.4c-6.4 0-12.8 6.4-12.8 12.8v70.4c0 6.4 6.4 12.8 12.8 12.8z\" class=\"\"><\/path><\/svg><\/i> <img loading=\"lazy\" decoding=\"async\" width=\"16\" height=\"16\" alt=\"Loading\" src=\"https:\/\/vocesdelacomuna15.com.ar\/wp-content\/plugins\/page-views-count\/ajax-loader-2x.gif\" border=0 \/><\/p>\n<div class=\"pvc_clear\"><\/div>\n","protected":false},"author":2,"featured_media":51824,"comment_status":"open","ping_status":"open","sticky":false,"template":"","format":"standard","meta":{"_et_pb_use_builder":"off","_et_pb_old_content":"","_et_gb_content_width":"","footnotes":""},"categories":[8],"tags":[],"class_list":["post-51823","post","type-post","status-publish","format-standard","has-post-thumbnail","hentry","category-sociedad","et-has-post-format-content","et_post_format-et-post-format-standard"],"a3_pvc":{"activated":true,"total_views":172,"today_views":0},"yoast_head":"<!-- This site is optimized with the Yoast SEO plugin v27.5 - https:\/\/yoast.com\/product\/yoast-seo-wordpress\/ -->\n<title>La Mesa Nacional de Unidad PYME lanz\u00f3 propuestas para reactivar la econom\u00eda - Voces de la Comuna 15<\/title>\n<meta name=\"description\" content=\"Voces de la Comuna 15\" \/>\n<meta name=\"robots\" content=\"index, follow, max-snippet:-1, max-image-preview:large, max-video-preview:-1\" \/>\n<link rel=\"canonical\" href=\"https:\/\/vocesdelacomuna15.com.ar\/press\/la-mesa-nacional-de-unidad-pyme-lanzo-propuestas-para-reactivar-la-economia\/\" \/>\n<meta property=\"og:locale\" content=\"es_ES\" \/>\n<meta property=\"og:type\" content=\"article\" \/>\n<meta property=\"og:title\" content=\"La Mesa Nacional de Unidad PYME lanz\u00f3 propuestas para reactivar la econom\u00eda - Voces de la Comuna 15\" \/>\n<meta property=\"og:description\" content=\"Voces de la Comuna 15\" \/>\n<meta property=\"og:url\" content=\"https:\/\/vocesdelacomuna15.com.ar\/press\/la-mesa-nacional-de-unidad-pyme-lanzo-propuestas-para-reactivar-la-economia\/\" \/>\n<meta property=\"og:site_name\" content=\"Voces de la Comuna 15\" \/>\n<meta property=\"article:publisher\" content=\"https:\/\/www.facebook.com\/VocesComuna15\/\" \/>\n<meta property=\"article:published_time\" content=\"2019-12-02T10:15:04+00:00\" \/>\n<meta property=\"article:modified_time\" content=\"2020-05-02T12:31:52+00:00\" \/>\n<meta property=\"og:image\" content=\"https:\/\/vocesdelacomuna15.com.ar\/wp-content\/uploads\/2020\/05\/pymes28112019.png\" \/>\n\t<meta property=\"og:image:width\" content=\"643\" \/>\n\t<meta property=\"og:image:height\" content=\"451\" \/>\n\t<meta property=\"og:image:type\" content=\"image\/png\" \/>\n<meta name=\"author\" content=\"Federico Arguto\" \/>\n<meta name=\"twitter:card\" content=\"summary_large_image\" \/>\n<meta name=\"twitter:creator\" content=\"@vocescomuna15\" \/>\n<meta name=\"twitter:site\" content=\"@vocescomuna15\" \/>\n<meta name=\"twitter:label1\" content=\"Escrito por\" \/>\n\t<meta name=\"twitter:data1\" content=\"Federico Arguto\" \/>\n\t<meta name=\"twitter:label2\" content=\"Tiempo de lectura\" \/>\n\t<meta name=\"twitter:data2\" content=\"3 minutos\" \/>\n<script type=\"application\/ld+json\" class=\"yoast-schema-graph\">{\"@context\":\"https:\\\/\\\/schema.org\",\"@graph\":[{\"@type\":\"Article\",\"@id\":\"https:\\\/\\\/vocesdelacomuna15.com.ar\\\/press\\\/la-mesa-nacional-de-unidad-pyme-lanzo-propuestas-para-reactivar-la-economia\\\/#article\",\"isPartOf\":{\"@id\":\"https:\\\/\\\/vocesdelacomuna15.com.ar\\\/press\\\/la-mesa-nacional-de-unidad-pyme-lanzo-propuestas-para-reactivar-la-economia\\\/\"},\"author\":{\"name\":\"Federico Arguto\",\"@id\":\"https:\\\/\\\/vocesdelacomuna15.com.ar\\\/press\\\/#\\\/schema\\\/person\\\/4739e109db25d799cd3d139eeb509e43\"},\"headline\":\"La Mesa Nacional de Unidad PYME lanz\u00f3 propuestas para reactivar la econom\u00eda\",\"datePublished\":\"2019-12-02T10:15:04+00:00\",\"dateModified\":\"2020-05-02T12:31:52+00:00\",\"mainEntityOfPage\":{\"@id\":\"https:\\\/\\\/vocesdelacomuna15.com.ar\\\/press\\\/la-mesa-nacional-de-unidad-pyme-lanzo-propuestas-para-reactivar-la-economia\\\/\"},\"wordCount\":585,\"commentCount\":0,\"publisher\":{\"@id\":\"https:\\\/\\\/vocesdelacomuna15.com.ar\\\/press\\\/#organization\"},\"image\":{\"@id\":\"https:\\\/\\\/vocesdelacomuna15.com.ar\\\/press\\\/la-mesa-nacional-de-unidad-pyme-lanzo-propuestas-para-reactivar-la-economia\\\/#primaryimage\"},\"thumbnailUrl\":\"https:\\\/\\\/vocesdelacomuna15.com.ar\\\/wp-content\\\/uploads\\\/2020\\\/05\\\/pymes28112019.png\",\"articleSection\":[\"Sociedad\"],\"inLanguage\":\"es-AR\",\"potentialAction\":[{\"@type\":\"CommentAction\",\"name\":\"Comment\",\"target\":[\"https:\\\/\\\/vocesdelacomuna15.com.ar\\\/press\\\/la-mesa-nacional-de-unidad-pyme-lanzo-propuestas-para-reactivar-la-economia\\\/#respond\"]}]},{\"@type\":\"WebPage\",\"@id\":\"https:\\\/\\\/vocesdelacomuna15.com.ar\\\/press\\\/la-mesa-nacional-de-unidad-pyme-lanzo-propuestas-para-reactivar-la-economia\\\/\",\"url\":\"https:\\\/\\\/vocesdelacomuna15.com.ar\\\/press\\\/la-mesa-nacional-de-unidad-pyme-lanzo-propuestas-para-reactivar-la-economia\\\/\",\"name\":\"La Mesa Nacional de Unidad PYME lanz\u00f3 propuestas para reactivar la econom\u00eda - Voces de la Comuna 15\",\"isPartOf\":{\"@id\":\"https:\\\/\\\/vocesdelacomuna15.com.ar\\\/press\\\/#website\"},\"primaryImageOfPage\":{\"@id\":\"https:\\\/\\\/vocesdelacomuna15.com.ar\\\/press\\\/la-mesa-nacional-de-unidad-pyme-lanzo-propuestas-para-reactivar-la-economia\\\/#primaryimage\"},\"image\":{\"@id\":\"https:\\\/\\\/vocesdelacomuna15.com.ar\\\/press\\\/la-mesa-nacional-de-unidad-pyme-lanzo-propuestas-para-reactivar-la-economia\\\/#primaryimage\"},\"thumbnailUrl\":\"https:\\\/\\\/vocesdelacomuna15.com.ar\\\/wp-content\\\/uploads\\\/2020\\\/05\\\/pymes28112019.png\",\"datePublished\":\"2019-12-02T10:15:04+00:00\",\"dateModified\":\"2020-05-02T12:31:52+00:00\",\"description\":\"Voces de la Comuna 15\",\"breadcrumb\":{\"@id\":\"https:\\\/\\\/vocesdelacomuna15.com.ar\\\/press\\\/la-mesa-nacional-de-unidad-pyme-lanzo-propuestas-para-reactivar-la-economia\\\/#breadcrumb\"},\"inLanguage\":\"es-AR\",\"potentialAction\":[{\"@type\":\"ReadAction\",\"target\":[\"https:\\\/\\\/vocesdelacomuna15.com.ar\\\/press\\\/la-mesa-nacional-de-unidad-pyme-lanzo-propuestas-para-reactivar-la-economia\\\/\"]}]},{\"@type\":\"ImageObject\",\"inLanguage\":\"es-AR\",\"@id\":\"https:\\\/\\\/vocesdelacomuna15.com.ar\\\/press\\\/la-mesa-nacional-de-unidad-pyme-lanzo-propuestas-para-reactivar-la-economia\\\/#primaryimage\",\"url\":\"https:\\\/\\\/vocesdelacomuna15.com.ar\\\/wp-content\\\/uploads\\\/2020\\\/05\\\/pymes28112019.png\",\"contentUrl\":\"https:\\\/\\\/vocesdelacomuna15.com.ar\\\/wp-content\\\/uploads\\\/2020\\\/05\\\/pymes28112019.png\",\"width\":643,\"height\":451},{\"@type\":\"BreadcrumbList\",\"@id\":\"https:\\\/\\\/vocesdelacomuna15.com.ar\\\/press\\\/la-mesa-nacional-de-unidad-pyme-lanzo-propuestas-para-reactivar-la-economia\\\/#breadcrumb\",\"itemListElement\":[{\"@type\":\"ListItem\",\"position\":1,\"name\":\"Inicio\",\"item\":\"https:\\\/\\\/vocesdelacomuna15.com.ar\\\/press\\\/\"},{\"@type\":\"ListItem\",\"position\":2,\"name\":\"La Mesa Nacional de Unidad PYME lanz\u00f3 propuestas para reactivar la econom\u00eda\"}]},{\"@type\":\"WebSite\",\"@id\":\"https:\\\/\\\/vocesdelacomuna15.com.ar\\\/press\\\/#website\",\"url\":\"https:\\\/\\\/vocesdelacomuna15.com.ar\\\/press\\\/\",\"name\":\"Voces de la Comuna 15\",\"description\":\"Sitio web de noticias\",\"publisher\":{\"@id\":\"https:\\\/\\\/vocesdelacomuna15.com.ar\\\/press\\\/#organization\"},\"potentialAction\":[{\"@type\":\"SearchAction\",\"target\":{\"@type\":\"EntryPoint\",\"urlTemplate\":\"https:\\\/\\\/vocesdelacomuna15.com.ar\\\/press\\\/?s={search_term_string}\"},\"query-input\":{\"@type\":\"PropertyValueSpecification\",\"valueRequired\":true,\"valueName\":\"search_term_string\"}}],\"inLanguage\":\"es-AR\"},{\"@type\":\"Organization\",\"@id\":\"https:\\\/\\\/vocesdelacomuna15.com.ar\\\/press\\\/#organization\",\"name\":\"Voces de la Comuna 15\",\"url\":\"https:\\\/\\\/vocesdelacomuna15.com.ar\\\/press\\\/\",\"logo\":{\"@type\":\"ImageObject\",\"inLanguage\":\"es-AR\",\"@id\":\"https:\\\/\\\/vocesdelacomuna15.com.ar\\\/press\\\/#\\\/schema\\\/logo\\\/image\\\/\",\"url\":\"https:\\\/\\\/vocesdelacomuna15.com.ar\\\/wp-content\\\/uploads\\\/2024\\\/12\\\/cropped-logo_voces.jpg\",\"contentUrl\":\"https:\\\/\\\/vocesdelacomuna15.com.ar\\\/wp-content\\\/uploads\\\/2024\\\/12\\\/cropped-logo_voces.jpg\",\"width\":512,\"height\":512,\"caption\":\"Voces de la Comuna 15\"},\"image\":{\"@id\":\"https:\\\/\\\/vocesdelacomuna15.com.ar\\\/press\\\/#\\\/schema\\\/logo\\\/image\\\/\"},\"sameAs\":[\"https:\\\/\\\/www.facebook.com\\\/VocesComuna15\\\/\",\"https:\\\/\\\/x.com\\\/vocescomuna15\"]},{\"@type\":\"Person\",\"@id\":\"https:\\\/\\\/vocesdelacomuna15.com.ar\\\/press\\\/#\\\/schema\\\/person\\\/4739e109db25d799cd3d139eeb509e43\",\"name\":\"Federico Arguto\",\"image\":{\"@type\":\"ImageObject\",\"inLanguage\":\"es-AR\",\"@id\":\"https:\\\/\\\/vocesdelacomuna15.com.ar\\\/wp-content\\\/litespeed\\\/avatar\\\/82faf979976f1bae889b8b71f8a0a7e5.jpg?ver=1777419741\",\"url\":\"https:\\\/\\\/vocesdelacomuna15.com.ar\\\/wp-content\\\/litespeed\\\/avatar\\\/82faf979976f1bae889b8b71f8a0a7e5.jpg?ver=1777419741\",\"contentUrl\":\"https:\\\/\\\/vocesdelacomuna15.com.ar\\\/wp-content\\\/litespeed\\\/avatar\\\/82faf979976f1bae889b8b71f8a0a7e5.jpg?ver=1777419741\",\"caption\":\"Federico Arguto\"},\"url\":\"https:\\\/\\\/vocesdelacomuna15.com.ar\\\/press\\\/author\\\/fede\\\/\"}]}<\/script>\n<!-- \/ Yoast SEO plugin. -->","yoast_head_json":{"title":"La Mesa Nacional de Unidad PYME lanz\u00f3 propuestas para reactivar la econom\u00eda - Voces de la Comuna 15","description":"Voces de la Comuna 15","robots":{"index":"index","follow":"follow","max-snippet":"max-snippet:-1","max-image-preview":"max-image-preview:large","max-video-preview":"max-video-preview:-1"},"canonical":"https:\/\/vocesdelacomuna15.com.ar\/press\/la-mesa-nacional-de-unidad-pyme-lanzo-propuestas-para-reactivar-la-economia\/","og_locale":"es_ES","og_type":"article","og_title":"La Mesa Nacional de Unidad PYME lanz\u00f3 propuestas para reactivar la econom\u00eda - Voces de la Comuna 15","og_description":"Voces de la Comuna 15","og_url":"https:\/\/vocesdelacomuna15.com.ar\/press\/la-mesa-nacional-de-unidad-pyme-lanzo-propuestas-para-reactivar-la-economia\/","og_site_name":"Voces de la Comuna 15","article_publisher":"https:\/\/www.facebook.com\/VocesComuna15\/","article_published_time":"2019-12-02T10:15:04+00:00","article_modified_time":"2020-05-02T12:31:52+00:00","og_image":[{"width":643,"height":451,"url":"https:\/\/vocesdelacomuna15.com.ar\/wp-content\/uploads\/2020\/05\/pymes28112019.png","type":"image\/png"}],"author":"Federico Arguto","twitter_card":"summary_large_image","twitter_creator":"@vocescomuna15","twitter_site":"@vocescomuna15","twitter_misc":{"Escrito por":"Federico Arguto","Tiempo de lectura":"3 minutos"},"schema":{"@context":"https:\/\/schema.org","@graph":[{"@type":"Article","@id":"https:\/\/vocesdelacomuna15.com.ar\/press\/la-mesa-nacional-de-unidad-pyme-lanzo-propuestas-para-reactivar-la-economia\/#article","isPartOf":{"@id":"https:\/\/vocesdelacomuna15.com.ar\/press\/la-mesa-nacional-de-unidad-pyme-lanzo-propuestas-para-reactivar-la-economia\/"},"author":{"name":"Federico Arguto","@id":"https:\/\/vocesdelacomuna15.com.ar\/press\/#\/schema\/person\/4739e109db25d799cd3d139eeb509e43"},"headline":"La Mesa Nacional de Unidad PYME lanz\u00f3 propuestas para reactivar la econom\u00eda","datePublished":"2019-12-02T10:15:04+00:00","dateModified":"2020-05-02T12:31:52+00:00","mainEntityOfPage":{"@id":"https:\/\/vocesdelacomuna15.com.ar\/press\/la-mesa-nacional-de-unidad-pyme-lanzo-propuestas-para-reactivar-la-economia\/"},"wordCount":585,"commentCount":0,"publisher":{"@id":"https:\/\/vocesdelacomuna15.com.ar\/press\/#organization"},"image":{"@id":"https:\/\/vocesdelacomuna15.com.ar\/press\/la-mesa-nacional-de-unidad-pyme-lanzo-propuestas-para-reactivar-la-economia\/#primaryimage"},"thumbnailUrl":"https:\/\/vocesdelacomuna15.com.ar\/wp-content\/uploads\/2020\/05\/pymes28112019.png","articleSection":["Sociedad"],"inLanguage":"es-AR","potentialAction":[{"@type":"CommentAction","name":"Comment","target":["https:\/\/vocesdelacomuna15.com.ar\/press\/la-mesa-nacional-de-unidad-pyme-lanzo-propuestas-para-reactivar-la-economia\/#respond"]}]},{"@type":"WebPage","@id":"https:\/\/vocesdelacomuna15.com.ar\/press\/la-mesa-nacional-de-unidad-pyme-lanzo-propuestas-para-reactivar-la-economia\/","url":"https:\/\/vocesdelacomuna15.com.ar\/press\/la-mesa-nacional-de-unidad-pyme-lanzo-propuestas-para-reactivar-la-economia\/","name":"La Mesa Nacional de Unidad PYME lanz\u00f3 propuestas para reactivar la econom\u00eda - Voces de la Comuna 15","isPartOf":{"@id":"https:\/\/vocesdelacomuna15.com.ar\/press\/#website"},"primaryImageOfPage":{"@id":"https:\/\/vocesdelacomuna15.com.ar\/press\/la-mesa-nacional-de-unidad-pyme-lanzo-propuestas-para-reactivar-la-economia\/#primaryimage"},"image":{"@id":"https:\/\/vocesdelacomuna15.com.ar\/press\/la-mesa-nacional-de-unidad-pyme-lanzo-propuestas-para-reactivar-la-economia\/#primaryimage"},"thumbnailUrl":"https:\/\/vocesdelacomuna15.com.ar\/wp-content\/uploads\/2020\/05\/pymes28112019.png","datePublished":"2019-12-02T10:15:04+00:00","dateModified":"2020-05-02T12:31:52+00:00","description":"Voces de la Comuna 15","breadcrumb":{"@id":"https:\/\/vocesdelacomuna15.com.ar\/press\/la-mesa-nacional-de-unidad-pyme-lanzo-propuestas-para-reactivar-la-economia\/#breadcrumb"},"inLanguage":"es-AR","potentialAction":[{"@type":"ReadAction","target":["https:\/\/vocesdelacomuna15.com.ar\/press\/la-mesa-nacional-de-unidad-pyme-lanzo-propuestas-para-reactivar-la-economia\/"]}]},{"@type":"ImageObject","inLanguage":"es-AR","@id":"https:\/\/vocesdelacomuna15.com.ar\/press\/la-mesa-nacional-de-unidad-pyme-lanzo-propuestas-para-reactivar-la-economia\/#primaryimage","url":"https:\/\/vocesdelacomuna15.com.ar\/wp-content\/uploads\/2020\/05\/pymes28112019.png","contentUrl":"https:\/\/vocesdelacomuna15.com.ar\/wp-content\/uploads\/2020\/05\/pymes28112019.png","width":643,"height":451},{"@type":"BreadcrumbList","@id":"https:\/\/vocesdelacomuna15.com.ar\/press\/la-mesa-nacional-de-unidad-pyme-lanzo-propuestas-para-reactivar-la-economia\/#breadcrumb","itemListElement":[{"@type":"ListItem","position":1,"name":"Inicio","item":"https:\/\/vocesdelacomuna15.com.ar\/press\/"},{"@type":"ListItem","position":2,"name":"La Mesa Nacional de Unidad PYME lanz\u00f3 propuestas para reactivar la econom\u00eda"}]},{"@type":"WebSite","@id":"https:\/\/vocesdelacomuna15.com.ar\/press\/#website","url":"https:\/\/vocesdelacomuna15.com.ar\/press\/","name":"Voces de la Comuna 15","description":"Sitio web de noticias","publisher":{"@id":"https:\/\/vocesdelacomuna15.com.ar\/press\/#organization"},"potentialAction":[{"@type":"SearchAction","target":{"@type":"EntryPoint","urlTemplate":"https:\/\/vocesdelacomuna15.com.ar\/press\/?s={search_term_string}"},"query-input":{"@type":"PropertyValueSpecification","valueRequired":true,"valueName":"search_term_string"}}],"inLanguage":"es-AR"},{"@type":"Organization","@id":"https:\/\/vocesdelacomuna15.com.ar\/press\/#organization","name":"Voces de la Comuna 15","url":"https:\/\/vocesdelacomuna15.com.ar\/press\/","logo":{"@type":"ImageObject","inLanguage":"es-AR","@id":"https:\/\/vocesdelacomuna15.com.ar\/press\/#\/schema\/logo\/image\/","url":"https:\/\/vocesdelacomuna15.com.ar\/wp-content\/uploads\/2024\/12\/cropped-logo_voces.jpg","contentUrl":"https:\/\/vocesdelacomuna15.com.ar\/wp-content\/uploads\/2024\/12\/cropped-logo_voces.jpg","width":512,"height":512,"caption":"Voces de la Comuna 15"},"image":{"@id":"https:\/\/vocesdelacomuna15.com.ar\/press\/#\/schema\/logo\/image\/"},"sameAs":["https:\/\/www.facebook.com\/VocesComuna15\/","https:\/\/x.com\/vocescomuna15"]},{"@type":"Person","@id":"https:\/\/vocesdelacomuna15.com.ar\/press\/#\/schema\/person\/4739e109db25d799cd3d139eeb509e43","name":"Federico Arguto","image":{"@type":"ImageObject","inLanguage":"es-AR","@id":"https:\/\/vocesdelacomuna15.com.ar\/wp-content\/litespeed\/avatar\/82faf979976f1bae889b8b71f8a0a7e5.jpg?ver=1777419741","url":"https:\/\/vocesdelacomuna15.com.ar\/wp-content\/litespeed\/avatar\/82faf979976f1bae889b8b71f8a0a7e5.jpg?ver=1777419741","contentUrl":"https:\/\/vocesdelacomuna15.com.ar\/wp-content\/litespeed\/avatar\/82faf979976f1bae889b8b71f8a0a7e5.jpg?ver=1777419741","caption":"Federico Arguto"},"url":"https:\/\/vocesdelacomuna15.com.ar\/press\/author\/fede\/"}]}},"_links":{"self":[{"href":"https:\/\/vocesdelacomuna15.com.ar\/press\/wp-json\/wp\/v2\/posts\/51823","targetHints":{"allow":["GET"]}}],"collection":[{"href":"https:\/\/vocesdelacomuna15.com.ar\/press\/wp-json\/wp\/v2\/posts"}],"about":[{"href":"https:\/\/vocesdelacomuna15.com.ar\/press\/wp-json\/wp\/v2\/types\/post"}],"author":[{"embeddable":true,"href":"https:\/\/vocesdelacomuna15.com.ar\/press\/wp-json\/wp\/v2\/users\/2"}],"replies":[{"embeddable":true,"href":"https:\/\/vocesdelacomuna15.com.ar\/press\/wp-json\/wp\/v2\/comments?post=51823"}],"version-history":[{"count":1,"href":"https:\/\/vocesdelacomuna15.com.ar\/press\/wp-json\/wp\/v2\/posts\/51823\/revisions"}],"predecessor-version":[{"id":51825,"href":"https:\/\/vocesdelacomuna15.com.ar\/press\/wp-json\/wp\/v2\/posts\/51823\/revisions\/51825"}],"wp:featuredmedia":[{"embeddable":true,"href":"https:\/\/vocesdelacomuna15.com.ar\/press\/wp-json\/wp\/v2\/media\/51824"}],"wp:attachment":[{"href":"https:\/\/vocesdelacomuna15.com.ar\/press\/wp-json\/wp\/v2\/media?parent=51823"}],"wp:term":[{"taxonomy":"category","embeddable":true,"href":"https:\/\/vocesdelacomuna15.com.ar\/press\/wp-json\/wp\/v2\/categories?post=51823"},{"taxonomy":"post_tag","embeddable":true,"href":"https:\/\/vocesdelacomuna15.com.ar\/press\/wp-json\/wp\/v2\/tags?post=51823"}],"curies":[{"name":"wp","href":"https:\/\/api.w.org\/{rel}","templated":true}]}}