{"id":50938,"date":"2020-01-06T09:00:47","date_gmt":"2020-01-06T12:00:47","guid":{"rendered":"http:\/\/vocesdelacomuna15.com.ar\/wordpress\/?p=50938"},"modified":"2020-04-26T18:24:20","modified_gmt":"2020-04-26T21:24:20","slug":"denuncias-de-vecinos-de-villa-crespo-ante-la-apra-por-el-movistar-arena","status":"publish","type":"post","link":"https:\/\/vocesdelacomuna15.com.ar\/press\/denuncias-de-vecinos-de-villa-crespo-ante-la-apra-por-el-movistar-arena\/","title":{"rendered":"Denuncias de vecinos de Villa Crespo ante la APRA por el Movistar Arena"},"content":{"rendered":"\n<h2 class=\"wp-block-heading\">En departamentos aleda\u00f1os sufren peque\u00f1os \u201csismos\u201d y filmaron videos que presentaron acompa\u00f1ando la denuncia ante la Agencia de Protecci\u00f3n Ambiental<\/h2>\n\n\n\n<p>El 18 de diciembre de 2019 se public\u00f3 una nota en P\u00e1gina 12 titulada \u201cEl megaestadio nos desordena la vida\u201d (https:\/\/www.pagina12.com.ar\/237136-el-megaestadio-nos-desordena-la-vida), en donde se entrevista a Gustavo Perrone y Laura, dos de los Vecinos Autoconvocados de Villa Crespo contra el Megaestadio Arena, que explican la odisea que est\u00e1n viviendo. Los vecinos cuentan en esta nota como filmaron videos de peque\u00f1os \u201csismos\u201d en departamentos aleda\u00f1os al Movistar Arena (Humboldt 450), en donde pueden verse cuadros que se mueven, un tender de ropa que vibra, l\u00e1mparas colgantes que tiemblan y vasos con agua que se agita, a causa de las vibraciones de los recitales en el microestadio. Con esos videos acompa\u00f1aron denuncias que hicieron ante la Agencia de Protecci\u00f3n Ambiental (APRA). Tambi\u00e9n explicaron en esta nota que el ruido a veces llega casi al l\u00edmite de lo permitido. Perrone dijo que est\u00e1 cambiando las ventanas de su casa para intentar minimizar los efectos de lo que est\u00e1 ocurriendo. \u201cComo vivo justo enfrente, tengo que bajar las persianas porque tienen las luces encendidas todo el tiempo. Durante el d\u00eda no es tan problem\u00e1tico, pero cuando oscurece s\u00ed. Eso es todos los d\u00edas, y los d\u00edas de recital se suma que prenden la pantalla led, que publicita el estadio y las bandas\u201d, a\u00f1adi\u00f3, sumando otra problem\u00e1tica. \u201cLos vecinos se reunieron con el subsecretario de Vinculaci\u00f3n Ciudadana, Juan Pablo Arenaza, y le dejaron una lista de reclamos que incluye, en primer lugar, el rechazo a los cien recitales por a\u00f1os que programa el estadio; el caos de tr\u00e1nsito; los vallados que se instalan; el rechazo al pedido de DNI que los vecinos deben presentar para poder volver a su casa con el auto; el ruido constante que generan los agentes de tr\u00e1nsito con sus silbatos; el rechazo al uso de meg\u00e1fonos; los estacionamientos truchos y el ingreso de contramano que se habilita para que los conductores accedan a esas plazas ilegales; la venta selectiva de alcohol (mientras se proh\u00edbe que los autoservicios vendan alcohol, se permite el alcohol en el estadio y en los bares de alrededor); la contaminaci\u00f3n lum\u00ednica y los problemas de limpieza, entre otros. De acuerdo a un vecino que se comunic\u00f3 con un asesor del subsecretario, reci\u00e9n en febrero las autoridades dar\u00edan una respuesta a los reclamos. Aunque los vecinos consultados querr\u00edan que el estadio no existiera, saben que es una realidad. Por eso insistir\u00e1n con el proyecto de ley presentado en la Legislatura para que en el terreno cedido por Estado al Club Atlanta s\u00f3lo se efect\u00faen espect\u00e1culos deportivos\u201d, cierra el art\u00edculo del diario P\u00e1gina 12.\n\nCaracteres: 2.612\n\nFoto: La Izquierda Diario<\/p>\n<div class=\"pvc_clear\"><\/div><p id=\"pvc_stats_50938\" class=\"pvc_stats all  \" data-element-id=\"50938\" style=\"\"><i class=\"pvc-stats-icon small\" aria-hidden=\"true\"><svg aria-hidden=\"true\" focusable=\"false\" data-prefix=\"far\" data-icon=\"chart-bar\" role=\"img\" xmlns=\"http:\/\/www.w3.org\/2000\/svg\" viewBox=\"0 0 512 512\" class=\"svg-inline--fa fa-chart-bar fa-w-16 fa-2x\"><path fill=\"currentColor\" d=\"M396.8 352h22.4c6.4 0 12.8-6.4 12.8-12.8V108.8c0-6.4-6.4-12.8-12.8-12.8h-22.4c-6.4 0-12.8 6.4-12.8 12.8v230.4c0 6.4 6.4 12.8 12.8 12.8zm-192 0h22.4c6.4 0 12.8-6.4 12.8-12.8V140.8c0-6.4-6.4-12.8-12.8-12.8h-22.4c-6.4 0-12.8 6.4-12.8 12.8v198.4c0 6.4 6.4 12.8 12.8 12.8zm96 0h22.4c6.4 0 12.8-6.4 12.8-12.8V204.8c0-6.4-6.4-12.8-12.8-12.8h-22.4c-6.4 0-12.8 6.4-12.8 12.8v134.4c0 6.4 6.4 12.8 12.8 12.8zM496 400H48V80c0-8.84-7.16-16-16-16H16C7.16 64 0 71.16 0 80v336c0 17.67 14.33 32 32 32h464c8.84 0 16-7.16 16-16v-16c0-8.84-7.16-16-16-16zm-387.2-48h22.4c6.4 0 12.8-6.4 12.8-12.8v-70.4c0-6.4-6.4-12.8-12.8-12.8h-22.4c-6.4 0-12.8 6.4-12.8 12.8v70.4c0 6.4 6.4 12.8 12.8 12.8z\" class=\"\"><\/path><\/svg><\/i> <img loading=\"lazy\" decoding=\"async\" width=\"16\" height=\"16\" alt=\"Loading\" src=\"https:\/\/vocesdelacomuna15.com.ar\/wp-content\/plugins\/page-views-count\/ajax-loader-2x.gif\" border=0 \/><\/p><div class=\"pvc_clear\"><\/div>","protected":false},"excerpt":{"rendered":"<p>En departamentos aleda\u00f1os sufren peque\u00f1os \u201csismos\u201d y filmaron videos que presentaron acompa\u00f1ando la denuncia ante la Agencia de Protecci\u00f3n Ambiental El 18 de diciembre de 2019 se public\u00f3 una nota en P\u00e1gina 12 titulada \u201cEl megaestadio nos desordena la vida\u201d (https:\/\/www.pagina12.com.ar\/237136-el-megaestadio-nos-desordena-la-vida), en donde se entrevista a Gustavo Perrone y Laura, dos de los Vecinos Autoconvocados [&hellip;]<\/p>\n<div class=\"pvc_clear\"><\/div>\n<p id=\"pvc_stats_50938\" class=\"pvc_stats all  \" data-element-id=\"50938\" style=\"\"><i class=\"pvc-stats-icon small\" aria-hidden=\"true\"><svg aria-hidden=\"true\" focusable=\"false\" data-prefix=\"far\" data-icon=\"chart-bar\" role=\"img\" xmlns=\"http:\/\/www.w3.org\/2000\/svg\" viewBox=\"0 0 512 512\" class=\"svg-inline--fa fa-chart-bar fa-w-16 fa-2x\"><path fill=\"currentColor\" d=\"M396.8 352h22.4c6.4 0 12.8-6.4 12.8-12.8V108.8c0-6.4-6.4-12.8-12.8-12.8h-22.4c-6.4 0-12.8 6.4-12.8 12.8v230.4c0 6.4 6.4 12.8 12.8 12.8zm-192 0h22.4c6.4 0 12.8-6.4 12.8-12.8V140.8c0-6.4-6.4-12.8-12.8-12.8h-22.4c-6.4 0-12.8 6.4-12.8 12.8v198.4c0 6.4 6.4 12.8 12.8 12.8zm96 0h22.4c6.4 0 12.8-6.4 12.8-12.8V204.8c0-6.4-6.4-12.8-12.8-12.8h-22.4c-6.4 0-12.8 6.4-12.8 12.8v134.4c0 6.4 6.4 12.8 12.8 12.8zM496 400H48V80c0-8.84-7.16-16-16-16H16C7.16 64 0 71.16 0 80v336c0 17.67 14.33 32 32 32h464c8.84 0 16-7.16 16-16v-16c0-8.84-7.16-16-16-16zm-387.2-48h22.4c6.4 0 12.8-6.4 12.8-12.8v-70.4c0-6.4-6.4-12.8-12.8-12.8h-22.4c-6.4 0-12.8 6.4-12.8 12.8v70.4c0 6.4 6.4 12.8 12.8 12.8z\" class=\"\"><\/path><\/svg><\/i> <img loading=\"lazy\" decoding=\"async\" width=\"16\" height=\"16\" alt=\"Loading\" src=\"https:\/\/vocesdelacomuna15.com.ar\/wp-content\/plugins\/page-views-count\/ajax-loader-2x.gif\" border=0 \/><\/p>\n<div class=\"pvc_clear\"><\/div>\n","protected":false},"author":2,"featured_media":50939,"comment_status":"open","ping_status":"open","sticky":false,"template":"","format":"standard","meta":{"_et_pb_use_builder":"off","_et_pb_old_content":"","_et_gb_content_width":"","footnotes":""},"categories":[8,32],"tags":[],"class_list":["post-50938","post","type-post","status-publish","format-standard","has-post-thumbnail","hentry","category-sociedad","category-vcre","et-has-post-format-content","et_post_format-et-post-format-standard"],"a3_pvc":{"activated":true,"total_views":310,"today_views":0},"yoast_head":"<!-- This site is optimized with the Yoast SEO plugin v27.5 - https:\/\/yoast.com\/product\/yoast-seo-wordpress\/ -->\n<title>Denuncias de vecinos de Villa Crespo ante la APRA por el Movistar Arena - Voces de la Comuna 15<\/title>\n<meta name=\"description\" content=\"Voces de la Comuna 15\" \/>\n<meta name=\"robots\" content=\"index, follow, max-snippet:-1, max-image-preview:large, max-video-preview:-1\" \/>\n<link rel=\"canonical\" href=\"https:\/\/vocesdelacomuna15.com.ar\/press\/denuncias-de-vecinos-de-villa-crespo-ante-la-apra-por-el-movistar-arena\/\" \/>\n<meta property=\"og:locale\" content=\"es_ES\" \/>\n<meta property=\"og:type\" content=\"article\" \/>\n<meta property=\"og:title\" content=\"Denuncias de vecinos de Villa Crespo ante la APRA por el Movistar Arena - Voces de la Comuna 15\" \/>\n<meta property=\"og:description\" content=\"Voces de la Comuna 15\" \/>\n<meta property=\"og:url\" content=\"https:\/\/vocesdelacomuna15.com.ar\/press\/denuncias-de-vecinos-de-villa-crespo-ante-la-apra-por-el-movistar-arena\/\" \/>\n<meta property=\"og:site_name\" content=\"Voces de la Comuna 15\" \/>\n<meta property=\"article:publisher\" content=\"https:\/\/www.facebook.com\/VocesComuna15\/\" \/>\n<meta property=\"article:published_time\" content=\"2020-01-06T12:00:47+00:00\" \/>\n<meta property=\"article:modified_time\" content=\"2020-04-26T21:24:20+00:00\" \/>\n<meta property=\"og:image\" content=\"https:\/\/vocesdelacomuna15.com.ar\/wp-content\/uploads\/2020\/04\/arena2_26122019.jpg\" \/>\n\t<meta property=\"og:image:width\" content=\"800\" \/>\n\t<meta property=\"og:image:height\" content=\"450\" \/>\n\t<meta property=\"og:image:type\" content=\"image\/jpeg\" \/>\n<meta name=\"author\" content=\"Federico Arguto\" \/>\n<meta name=\"twitter:card\" content=\"summary_large_image\" \/>\n<meta name=\"twitter:creator\" content=\"@vocescomuna15\" \/>\n<meta name=\"twitter:site\" content=\"@vocescomuna15\" \/>\n<meta name=\"twitter:label1\" content=\"Escrito por\" \/>\n\t<meta name=\"twitter:data1\" content=\"Federico Arguto\" \/>\n\t<meta name=\"twitter:label2\" content=\"Tiempo de lectura\" \/>\n\t<meta name=\"twitter:data2\" content=\"2 minutos\" \/>\n<script type=\"application\/ld+json\" class=\"yoast-schema-graph\">{\"@context\":\"https:\\\/\\\/schema.org\",\"@graph\":[{\"@type\":\"Article\",\"@id\":\"https:\\\/\\\/vocesdelacomuna15.com.ar\\\/press\\\/denuncias-de-vecinos-de-villa-crespo-ante-la-apra-por-el-movistar-arena\\\/#article\",\"isPartOf\":{\"@id\":\"https:\\\/\\\/vocesdelacomuna15.com.ar\\\/press\\\/denuncias-de-vecinos-de-villa-crespo-ante-la-apra-por-el-movistar-arena\\\/\"},\"author\":{\"name\":\"Federico Arguto\",\"@id\":\"https:\\\/\\\/vocesdelacomuna15.com.ar\\\/press\\\/#\\\/schema\\\/person\\\/4739e109db25d799cd3d139eeb509e43\"},\"headline\":\"Denuncias de vecinos de Villa Crespo ante la APRA por el Movistar Arena\",\"datePublished\":\"2020-01-06T12:00:47+00:00\",\"dateModified\":\"2020-04-26T21:24:20+00:00\",\"mainEntityOfPage\":{\"@id\":\"https:\\\/\\\/vocesdelacomuna15.com.ar\\\/press\\\/denuncias-de-vecinos-de-villa-crespo-ante-la-apra-por-el-movistar-arena\\\/\"},\"wordCount\":500,\"commentCount\":0,\"publisher\":{\"@id\":\"https:\\\/\\\/vocesdelacomuna15.com.ar\\\/press\\\/#organization\"},\"image\":{\"@id\":\"https:\\\/\\\/vocesdelacomuna15.com.ar\\\/press\\\/denuncias-de-vecinos-de-villa-crespo-ante-la-apra-por-el-movistar-arena\\\/#primaryimage\"},\"thumbnailUrl\":\"https:\\\/\\\/vocesdelacomuna15.com.ar\\\/wp-content\\\/uploads\\\/2020\\\/04\\\/arena2_26122019.jpg\",\"articleSection\":[\"Sociedad\",\"Villa Crespo\"],\"inLanguage\":\"es-AR\",\"potentialAction\":[{\"@type\":\"CommentAction\",\"name\":\"Comment\",\"target\":[\"https:\\\/\\\/vocesdelacomuna15.com.ar\\\/press\\\/denuncias-de-vecinos-de-villa-crespo-ante-la-apra-por-el-movistar-arena\\\/#respond\"]}]},{\"@type\":\"WebPage\",\"@id\":\"https:\\\/\\\/vocesdelacomuna15.com.ar\\\/press\\\/denuncias-de-vecinos-de-villa-crespo-ante-la-apra-por-el-movistar-arena\\\/\",\"url\":\"https:\\\/\\\/vocesdelacomuna15.com.ar\\\/press\\\/denuncias-de-vecinos-de-villa-crespo-ante-la-apra-por-el-movistar-arena\\\/\",\"name\":\"Denuncias de vecinos de Villa Crespo ante la APRA por el Movistar Arena - Voces de la Comuna 15\",\"isPartOf\":{\"@id\":\"https:\\\/\\\/vocesdelacomuna15.com.ar\\\/press\\\/#website\"},\"primaryImageOfPage\":{\"@id\":\"https:\\\/\\\/vocesdelacomuna15.com.ar\\\/press\\\/denuncias-de-vecinos-de-villa-crespo-ante-la-apra-por-el-movistar-arena\\\/#primaryimage\"},\"image\":{\"@id\":\"https:\\\/\\\/vocesdelacomuna15.com.ar\\\/press\\\/denuncias-de-vecinos-de-villa-crespo-ante-la-apra-por-el-movistar-arena\\\/#primaryimage\"},\"thumbnailUrl\":\"https:\\\/\\\/vocesdelacomuna15.com.ar\\\/wp-content\\\/uploads\\\/2020\\\/04\\\/arena2_26122019.jpg\",\"datePublished\":\"2020-01-06T12:00:47+00:00\",\"dateModified\":\"2020-04-26T21:24:20+00:00\",\"description\":\"Voces de la Comuna 15\",\"breadcrumb\":{\"@id\":\"https:\\\/\\\/vocesdelacomuna15.com.ar\\\/press\\\/denuncias-de-vecinos-de-villa-crespo-ante-la-apra-por-el-movistar-arena\\\/#breadcrumb\"},\"inLanguage\":\"es-AR\",\"potentialAction\":[{\"@type\":\"ReadAction\",\"target\":[\"https:\\\/\\\/vocesdelacomuna15.com.ar\\\/press\\\/denuncias-de-vecinos-de-villa-crespo-ante-la-apra-por-el-movistar-arena\\\/\"]}]},{\"@type\":\"ImageObject\",\"inLanguage\":\"es-AR\",\"@id\":\"https:\\\/\\\/vocesdelacomuna15.com.ar\\\/press\\\/denuncias-de-vecinos-de-villa-crespo-ante-la-apra-por-el-movistar-arena\\\/#primaryimage\",\"url\":\"https:\\\/\\\/vocesdelacomuna15.com.ar\\\/wp-content\\\/uploads\\\/2020\\\/04\\\/arena2_26122019.jpg\",\"contentUrl\":\"https:\\\/\\\/vocesdelacomuna15.com.ar\\\/wp-content\\\/uploads\\\/2020\\\/04\\\/arena2_26122019.jpg\",\"width\":800,\"height\":450},{\"@type\":\"BreadcrumbList\",\"@id\":\"https:\\\/\\\/vocesdelacomuna15.com.ar\\\/press\\\/denuncias-de-vecinos-de-villa-crespo-ante-la-apra-por-el-movistar-arena\\\/#breadcrumb\",\"itemListElement\":[{\"@type\":\"ListItem\",\"position\":1,\"name\":\"Inicio\",\"item\":\"https:\\\/\\\/vocesdelacomuna15.com.ar\\\/press\\\/\"},{\"@type\":\"ListItem\",\"position\":2,\"name\":\"Denuncias de vecinos de Villa Crespo ante la APRA por el Movistar Arena\"}]},{\"@type\":\"WebSite\",\"@id\":\"https:\\\/\\\/vocesdelacomuna15.com.ar\\\/press\\\/#website\",\"url\":\"https:\\\/\\\/vocesdelacomuna15.com.ar\\\/press\\\/\",\"name\":\"Voces de la Comuna 15\",\"description\":\"Sitio web de noticias\",\"publisher\":{\"@id\":\"https:\\\/\\\/vocesdelacomuna15.com.ar\\\/press\\\/#organization\"},\"potentialAction\":[{\"@type\":\"SearchAction\",\"target\":{\"@type\":\"EntryPoint\",\"urlTemplate\":\"https:\\\/\\\/vocesdelacomuna15.com.ar\\\/press\\\/?s={search_term_string}\"},\"query-input\":{\"@type\":\"PropertyValueSpecification\",\"valueRequired\":true,\"valueName\":\"search_term_string\"}}],\"inLanguage\":\"es-AR\"},{\"@type\":\"Organization\",\"@id\":\"https:\\\/\\\/vocesdelacomuna15.com.ar\\\/press\\\/#organization\",\"name\":\"Voces de la Comuna 15\",\"url\":\"https:\\\/\\\/vocesdelacomuna15.com.ar\\\/press\\\/\",\"logo\":{\"@type\":\"ImageObject\",\"inLanguage\":\"es-AR\",\"@id\":\"https:\\\/\\\/vocesdelacomuna15.com.ar\\\/press\\\/#\\\/schema\\\/logo\\\/image\\\/\",\"url\":\"https:\\\/\\\/vocesdelacomuna15.com.ar\\\/wp-content\\\/uploads\\\/2024\\\/12\\\/cropped-logo_voces.jpg\",\"contentUrl\":\"https:\\\/\\\/vocesdelacomuna15.com.ar\\\/wp-content\\\/uploads\\\/2024\\\/12\\\/cropped-logo_voces.jpg\",\"width\":512,\"height\":512,\"caption\":\"Voces de la Comuna 15\"},\"image\":{\"@id\":\"https:\\\/\\\/vocesdelacomuna15.com.ar\\\/press\\\/#\\\/schema\\\/logo\\\/image\\\/\"},\"sameAs\":[\"https:\\\/\\\/www.facebook.com\\\/VocesComuna15\\\/\",\"https:\\\/\\\/x.com\\\/vocescomuna15\"]},{\"@type\":\"Person\",\"@id\":\"https:\\\/\\\/vocesdelacomuna15.com.ar\\\/press\\\/#\\\/schema\\\/person\\\/4739e109db25d799cd3d139eeb509e43\",\"name\":\"Federico Arguto\",\"image\":{\"@type\":\"ImageObject\",\"inLanguage\":\"es-AR\",\"@id\":\"https:\\\/\\\/vocesdelacomuna15.com.ar\\\/wp-content\\\/litespeed\\\/avatar\\\/82faf979976f1bae889b8b71f8a0a7e5.jpg?ver=1777419741\",\"url\":\"https:\\\/\\\/vocesdelacomuna15.com.ar\\\/wp-content\\\/litespeed\\\/avatar\\\/82faf979976f1bae889b8b71f8a0a7e5.jpg?ver=1777419741\",\"contentUrl\":\"https:\\\/\\\/vocesdelacomuna15.com.ar\\\/wp-content\\\/litespeed\\\/avatar\\\/82faf979976f1bae889b8b71f8a0a7e5.jpg?ver=1777419741\",\"caption\":\"Federico Arguto\"},\"url\":\"https:\\\/\\\/vocesdelacomuna15.com.ar\\\/press\\\/author\\\/fede\\\/\"}]}<\/script>\n<!-- \/ Yoast SEO plugin. -->","yoast_head_json":{"title":"Denuncias de vecinos de Villa Crespo ante la APRA por el Movistar Arena - Voces de la Comuna 15","description":"Voces de la Comuna 15","robots":{"index":"index","follow":"follow","max-snippet":"max-snippet:-1","max-image-preview":"max-image-preview:large","max-video-preview":"max-video-preview:-1"},"canonical":"https:\/\/vocesdelacomuna15.com.ar\/press\/denuncias-de-vecinos-de-villa-crespo-ante-la-apra-por-el-movistar-arena\/","og_locale":"es_ES","og_type":"article","og_title":"Denuncias de vecinos de Villa Crespo ante la APRA por el Movistar Arena - Voces de la Comuna 15","og_description":"Voces de la Comuna 15","og_url":"https:\/\/vocesdelacomuna15.com.ar\/press\/denuncias-de-vecinos-de-villa-crespo-ante-la-apra-por-el-movistar-arena\/","og_site_name":"Voces de la Comuna 15","article_publisher":"https:\/\/www.facebook.com\/VocesComuna15\/","article_published_time":"2020-01-06T12:00:47+00:00","article_modified_time":"2020-04-26T21:24:20+00:00","og_image":[{"width":800,"height":450,"url":"https:\/\/vocesdelacomuna15.com.ar\/wp-content\/uploads\/2020\/04\/arena2_26122019.jpg","type":"image\/jpeg"}],"author":"Federico Arguto","twitter_card":"summary_large_image","twitter_creator":"@vocescomuna15","twitter_site":"@vocescomuna15","twitter_misc":{"Escrito por":"Federico Arguto","Tiempo de lectura":"2 minutos"},"schema":{"@context":"https:\/\/schema.org","@graph":[{"@type":"Article","@id":"https:\/\/vocesdelacomuna15.com.ar\/press\/denuncias-de-vecinos-de-villa-crespo-ante-la-apra-por-el-movistar-arena\/#article","isPartOf":{"@id":"https:\/\/vocesdelacomuna15.com.ar\/press\/denuncias-de-vecinos-de-villa-crespo-ante-la-apra-por-el-movistar-arena\/"},"author":{"name":"Federico Arguto","@id":"https:\/\/vocesdelacomuna15.com.ar\/press\/#\/schema\/person\/4739e109db25d799cd3d139eeb509e43"},"headline":"Denuncias de vecinos de Villa Crespo ante la APRA por el Movistar Arena","datePublished":"2020-01-06T12:00:47+00:00","dateModified":"2020-04-26T21:24:20+00:00","mainEntityOfPage":{"@id":"https:\/\/vocesdelacomuna15.com.ar\/press\/denuncias-de-vecinos-de-villa-crespo-ante-la-apra-por-el-movistar-arena\/"},"wordCount":500,"commentCount":0,"publisher":{"@id":"https:\/\/vocesdelacomuna15.com.ar\/press\/#organization"},"image":{"@id":"https:\/\/vocesdelacomuna15.com.ar\/press\/denuncias-de-vecinos-de-villa-crespo-ante-la-apra-por-el-movistar-arena\/#primaryimage"},"thumbnailUrl":"https:\/\/vocesdelacomuna15.com.ar\/wp-content\/uploads\/2020\/04\/arena2_26122019.jpg","articleSection":["Sociedad","Villa Crespo"],"inLanguage":"es-AR","potentialAction":[{"@type":"CommentAction","name":"Comment","target":["https:\/\/vocesdelacomuna15.com.ar\/press\/denuncias-de-vecinos-de-villa-crespo-ante-la-apra-por-el-movistar-arena\/#respond"]}]},{"@type":"WebPage","@id":"https:\/\/vocesdelacomuna15.com.ar\/press\/denuncias-de-vecinos-de-villa-crespo-ante-la-apra-por-el-movistar-arena\/","url":"https:\/\/vocesdelacomuna15.com.ar\/press\/denuncias-de-vecinos-de-villa-crespo-ante-la-apra-por-el-movistar-arena\/","name":"Denuncias de vecinos de Villa Crespo ante la APRA por el Movistar Arena - Voces de la Comuna 15","isPartOf":{"@id":"https:\/\/vocesdelacomuna15.com.ar\/press\/#website"},"primaryImageOfPage":{"@id":"https:\/\/vocesdelacomuna15.com.ar\/press\/denuncias-de-vecinos-de-villa-crespo-ante-la-apra-por-el-movistar-arena\/#primaryimage"},"image":{"@id":"https:\/\/vocesdelacomuna15.com.ar\/press\/denuncias-de-vecinos-de-villa-crespo-ante-la-apra-por-el-movistar-arena\/#primaryimage"},"thumbnailUrl":"https:\/\/vocesdelacomuna15.com.ar\/wp-content\/uploads\/2020\/04\/arena2_26122019.jpg","datePublished":"2020-01-06T12:00:47+00:00","dateModified":"2020-04-26T21:24:20+00:00","description":"Voces de la Comuna 15","breadcrumb":{"@id":"https:\/\/vocesdelacomuna15.com.ar\/press\/denuncias-de-vecinos-de-villa-crespo-ante-la-apra-por-el-movistar-arena\/#breadcrumb"},"inLanguage":"es-AR","potentialAction":[{"@type":"ReadAction","target":["https:\/\/vocesdelacomuna15.com.ar\/press\/denuncias-de-vecinos-de-villa-crespo-ante-la-apra-por-el-movistar-arena\/"]}]},{"@type":"ImageObject","inLanguage":"es-AR","@id":"https:\/\/vocesdelacomuna15.com.ar\/press\/denuncias-de-vecinos-de-villa-crespo-ante-la-apra-por-el-movistar-arena\/#primaryimage","url":"https:\/\/vocesdelacomuna15.com.ar\/wp-content\/uploads\/2020\/04\/arena2_26122019.jpg","contentUrl":"https:\/\/vocesdelacomuna15.com.ar\/wp-content\/uploads\/2020\/04\/arena2_26122019.jpg","width":800,"height":450},{"@type":"BreadcrumbList","@id":"https:\/\/vocesdelacomuna15.com.ar\/press\/denuncias-de-vecinos-de-villa-crespo-ante-la-apra-por-el-movistar-arena\/#breadcrumb","itemListElement":[{"@type":"ListItem","position":1,"name":"Inicio","item":"https:\/\/vocesdelacomuna15.com.ar\/press\/"},{"@type":"ListItem","position":2,"name":"Denuncias de vecinos de Villa Crespo ante la APRA por el Movistar Arena"}]},{"@type":"WebSite","@id":"https:\/\/vocesdelacomuna15.com.ar\/press\/#website","url":"https:\/\/vocesdelacomuna15.com.ar\/press\/","name":"Voces de la Comuna 15","description":"Sitio web de noticias","publisher":{"@id":"https:\/\/vocesdelacomuna15.com.ar\/press\/#organization"},"potentialAction":[{"@type":"SearchAction","target":{"@type":"EntryPoint","urlTemplate":"https:\/\/vocesdelacomuna15.com.ar\/press\/?s={search_term_string}"},"query-input":{"@type":"PropertyValueSpecification","valueRequired":true,"valueName":"search_term_string"}}],"inLanguage":"es-AR"},{"@type":"Organization","@id":"https:\/\/vocesdelacomuna15.com.ar\/press\/#organization","name":"Voces de la Comuna 15","url":"https:\/\/vocesdelacomuna15.com.ar\/press\/","logo":{"@type":"ImageObject","inLanguage":"es-AR","@id":"https:\/\/vocesdelacomuna15.com.ar\/press\/#\/schema\/logo\/image\/","url":"https:\/\/vocesdelacomuna15.com.ar\/wp-content\/uploads\/2024\/12\/cropped-logo_voces.jpg","contentUrl":"https:\/\/vocesdelacomuna15.com.ar\/wp-content\/uploads\/2024\/12\/cropped-logo_voces.jpg","width":512,"height":512,"caption":"Voces de la Comuna 15"},"image":{"@id":"https:\/\/vocesdelacomuna15.com.ar\/press\/#\/schema\/logo\/image\/"},"sameAs":["https:\/\/www.facebook.com\/VocesComuna15\/","https:\/\/x.com\/vocescomuna15"]},{"@type":"Person","@id":"https:\/\/vocesdelacomuna15.com.ar\/press\/#\/schema\/person\/4739e109db25d799cd3d139eeb509e43","name":"Federico Arguto","image":{"@type":"ImageObject","inLanguage":"es-AR","@id":"https:\/\/vocesdelacomuna15.com.ar\/wp-content\/litespeed\/avatar\/82faf979976f1bae889b8b71f8a0a7e5.jpg?ver=1777419741","url":"https:\/\/vocesdelacomuna15.com.ar\/wp-content\/litespeed\/avatar\/82faf979976f1bae889b8b71f8a0a7e5.jpg?ver=1777419741","contentUrl":"https:\/\/vocesdelacomuna15.com.ar\/wp-content\/litespeed\/avatar\/82faf979976f1bae889b8b71f8a0a7e5.jpg?ver=1777419741","caption":"Federico Arguto"},"url":"https:\/\/vocesdelacomuna15.com.ar\/press\/author\/fede\/"}]}},"_links":{"self":[{"href":"https:\/\/vocesdelacomuna15.com.ar\/press\/wp-json\/wp\/v2\/posts\/50938","targetHints":{"allow":["GET"]}}],"collection":[{"href":"https:\/\/vocesdelacomuna15.com.ar\/press\/wp-json\/wp\/v2\/posts"}],"about":[{"href":"https:\/\/vocesdelacomuna15.com.ar\/press\/wp-json\/wp\/v2\/types\/post"}],"author":[{"embeddable":true,"href":"https:\/\/vocesdelacomuna15.com.ar\/press\/wp-json\/wp\/v2\/users\/2"}],"replies":[{"embeddable":true,"href":"https:\/\/vocesdelacomuna15.com.ar\/press\/wp-json\/wp\/v2\/comments?post=50938"}],"version-history":[{"count":1,"href":"https:\/\/vocesdelacomuna15.com.ar\/press\/wp-json\/wp\/v2\/posts\/50938\/revisions"}],"predecessor-version":[{"id":50940,"href":"https:\/\/vocesdelacomuna15.com.ar\/press\/wp-json\/wp\/v2\/posts\/50938\/revisions\/50940"}],"wp:featuredmedia":[{"embeddable":true,"href":"https:\/\/vocesdelacomuna15.com.ar\/press\/wp-json\/wp\/v2\/media\/50939"}],"wp:attachment":[{"href":"https:\/\/vocesdelacomuna15.com.ar\/press\/wp-json\/wp\/v2\/media?parent=50938"}],"wp:term":[{"taxonomy":"category","embeddable":true,"href":"https:\/\/vocesdelacomuna15.com.ar\/press\/wp-json\/wp\/v2\/categories?post=50938"},{"taxonomy":"post_tag","embeddable":true,"href":"https:\/\/vocesdelacomuna15.com.ar\/press\/wp-json\/wp\/v2\/tags?post=50938"}],"curies":[{"name":"wp","href":"https:\/\/api.w.org\/{rel}","templated":true}]}}