{"id":50375,"date":"2020-01-06T14:42:39","date_gmt":"2020-01-06T17:42:39","guid":{"rendered":"http:\/\/localhost\/wordpress\/?p=50375"},"modified":"2021-06-13T15:12:02","modified_gmt":"2021-06-13T18:12:02","slug":"el-bar-de-la-calle-rodney","status":"publish","type":"post","link":"https:\/\/vocesdelacomuna15.com.ar\/press\/el-bar-de-la-calle-rodney\/","title":{"rendered":"El bar de la calle Rodney"},"content":{"rendered":"\n<p>Hace m\u00e1s de 40 a\u00f1os se re\u00fanen en Chacarita la m\u00edstica de barrio y el rock. Est\u00e1 situado frente al cementerio en la intersecci\u00f3n de la avenida Jorge Newbery y la calle Rodney. En esta rese\u00f1a contamos algunas de las historias de este m\u00edtico bar del barrio de la Comuna 15. Nota: Jorge Demar\u00eda <\/p>\n\n\n\n<p>\u201cSalgo a caminar sin rumbo en un d\u00eda cualquiera, pero un d\u00eda cualquiera puede ser mucho m\u00e1s, hacia la parte de atr\u00e1s de un cementerio, cruzando un parque llego a un bar\u201d. As\u00ed comienza la letra de la canci\u00f3n \u201cEl Bar de la calle Rodney\u201d, corr\u00eda el a\u00f1o 1991 y Diego Frenkel, l\u00edder de La Portuaria, inmortalizaba en m\u00fasica este bar ubicado en el barrio porte\u00f1o de Chacarita. Efectivamente si uno va a conocer el bar, tiene como referencia al Cementerio de la Chacarita y su inmensidad, hacia atr\u00e1s y cruzando un parque lleno de \u00e1rboles y flores, se llega a la calle Rodney al 400, esquina Jorge Newbery. Con mesas en la vereda, un toldo de chapa, sillas de madera y un par de amigos tomando unas cervezas, el Rodney me da la bienvenida. Al ingresar suena una banda under, \u201cAn\u00f3nimos\u201d, me llama la atenci\u00f3n ver a dos o tres chicos entre 8 y 10 a\u00f1os. \u201cSon hijos de unos m\u00fasicos\u201d me dice uno de los comensales. La intenci\u00f3n es hablar con Adri\u00e1n \u201cHarry\u201d Igualador, due\u00f1o del bar desde que reabri\u00f3 sus puertas en julio de 2015, cuando le compr\u00f3 el fondo de comercio a Ram\u00f3n Quintana su antiguo propietario, pero lo encuentro descargando cervezas, como un empleado m\u00e1s. Me quedo a un lado del mostrador de la barra contemplando el orden y la cantidad de bebidas que hay, una pegadita a la otra, cuando se acerca un muchacho y me dice: \u201c\u00bfVos est\u00e1s buscando a Harry, no?\u201d. Luego de mi afirmativa respuesta me invita a sentarme a tomar y comer algo, \u201cPedile a Sole lo que quieras, soy Hern\u00e1n, amigo de Harry, bah m\u00e1s que un amigo un hermano\u201d, me dice con mucha amabilidad. Sole es una camarera del bar, muy simp\u00e1tica y buena onda, que me trae unas papas fritas con un chop de cerveza, mientras la banda \u201cAn\u00f3nimos\u201d hace los \u00faltimos bises. Hay s\u00f3lo hombres que beben vino y fuman tabaco, pero en el aire hay algo especial, es pleno invierno y una ola de calor invade, como sucede a veces en toda mi ciudad. Lo dice La Portuaria, pero puedo comprobarlo, ser\u00e1 que en sus comienzos en los a\u00f1os 30 el lugar funcionaba como un almac\u00e9n de ramos generales con expendio de bebida, una t\u00edpica \u201cpulper\u00eda\u201d donde por ser zona de f\u00e1bricas, galpones y \u201cLa Quema\u201d, era un punto de encuentro obligado. El lugar conserva la est\u00e9tica de aquellos a\u00f1os con el nombre del bar grabado en el cristal, las paredes con madera t\u00edpica de los bodegones, y sobre todo cierta m\u00edstica que s\u00f3lo tienen algunos lugares caracter\u00edsticos de Buenos Aires. Mientras miro con asombro como Harry ayuda a llenar las heladeras, le pregunto a Hern\u00e1n si ese grandote de casi dos metros es de verdad el due\u00f1o, y me dice entre risas \u201cAh s\u00ed, ac\u00e1 todos nos ponemos el overol\u201d. Adri\u00e1n Igualador, alias \u201cHarry\u201d, es m\u00fasico desde hace m\u00e1s de 25 a\u00f1os, bajista de \u201cLos Perros\u201d, la banda de Gabriel Car\u00e1mbula. Conoci\u00f3 este lugar en 2005 cuando empieza, sin dudas, la etapa m\u00e1s ligada al rock. Car\u00e1mbula, que viv\u00eda cerca del bar, fue uno de los pioneros en cambiar el vermouth entre parroquianos por las \u201cZapadas de los jueves\u201d en las que participaron Charly Garc\u00eda, Juanse, Cristian \u201cPity\u201d \u00c1lvarez, Zeta Bosio y otros populares artistas. Desde ese momento se enamora del lugar y forja una amistad con Ram\u00f3n Quintana, quien fue el art\u00edfice en 1978 de transformar el lugar en bar pero con la impronta de conservar la arquitectura de sus comienzos y darle lugar al mito de la calle Rodney. \u201cCiudad de brujas y de asfalto, un puerto sin salida al mar, si navegar es tan preciso, hoy voy a sentarme en el bar, a viajar, perdiendo el tiempo, perdiendo el tiempo yo voy a viajar\u2026\u201d El videoclip de \u201cEl Bar de la Calle Rodney\u201d fue filmado un d\u00eda cualquiera y con la gente habitu\u00e9 del bar, antes de que la crisis de los \u00b490 inaugurara uno de los tantos cierres. Ya antes y siendo el a\u00f1o 1956, el Rodney hab\u00eda servido de locaci\u00f3n para una pel\u00edcula del gran \u00c1ngel Maga\u00f1a y en 1974 para una pel\u00edcula con \u201cPalito\u201d Ortega, mientras segu\u00eda funcionando el viejo almac\u00e9n. En 2008 Se filma la pel\u00edcula \u201cRodney\u201d, del cineasta Diego Rafecas (fallecido en 2017), as\u00ed como varios comerciales para televisi\u00f3n. David Byrne \u2013ex Talking Heads- realiza junto a Diego Frenkel su video \u201cHoy no le temo a la muerte\u201d, donde se lo ve al artista escoc\u00e9s nacionalizado estadounidense detr\u00e1s del mostrador con la guitarra y la cortadora de fiambre. Ahora y mientras \u201cLa banda de Tucho\u201d se apronta al escenario, Harry prueba sonido con un bajista colega, entonces Hern\u00e1n se acerca y se disculpa por no poder charlar m\u00e1s tiempo, \u201cpasa que los viernes explota\u201d. Casi no es necesaria la entrevista formal, todos ah\u00ed saben que hace unos a\u00f1os pas\u00f3 Rod Stewart y dej\u00f3 su impronta, nadie olvida mencionar ese acontecimiento y se\u00f1alar el escenario que se mezcla con la caja registradora, las bebidas en filita y las mesas. All\u00ed donde conviven desde el punk hasta el rock, desde el funk hasta el blues. Harry se \u201cbaja\u201d del escenario al ras del piso, me da la mano y me dice \u201cAh\u00ed donde est\u00e1s sentado me tom\u00e9 un whisky con Francis Ford Coppola\u201d. Fue cuando el famos\u00edsimo director acompa\u00f1ado de Vincent Gallo quiso conocer el underground porte\u00f1o y de paso aprovechar para tapear y deleitarse con un buen tinto. Salgo un momento a la calle, el lugar comienza a llenarse, en su mayor\u00eda de m\u00fasicos, aunque me pareci\u00f3 reconocer entre la gente al actor Luis Luque. Al lado del n\u00famero 400 en la pared del local se aprecia una placa de m\u00e1rmol donde dice \u201cBar Rodney Declarado Sitio de Inter\u00e9s Cultural &#8211; Legislatura de la Ciudad &#8211; 2013\u201d. Adentro se escucha un cover de Pappo\u00b4s Blues, \u201cRoute 66\u201d. Justamente fue Pappo quien a principios de 2000, insiste en reabrir el bar que hab\u00eda cerrado en los \u00b490 y es as\u00ed como un d\u00eda despu\u00e9s de su entierro, un amigo del \u201cCarpo\u201d, Dami\u00e1n Cesanelli, se encarga de los tr\u00e1mites necesarios para que ese sue\u00f1o se cumpla. Mientras Harry saluda a Juanse y otros m\u00fasicos amigos, como Cachin Invernazzi y Militta Bora, los invitados, por llamarlos de alguna manera, no se inmutan ante la presencia de figuras del rock y del arte. Dice Harry: \u201cEs todo muy familiar, ac\u00e1 no hay cholulismo, y eso es lo que se intenta conservar del Rodney, que se pueda charlar, estar c\u00f3modos, aunque haya muchos artistas famosos en el lugar, la gente no molesta y somos todos parte de lo mismo\u201d. El 22 de febrero el Rodney festej\u00f3 su 40\u00ba aniversario con el lanzamiento de un DVD, \u201cRodney Live Sessions\u201d, que recopila los shows de m\u00e1s de diez bandas que pasaron por el escenario del entra\u00f1able bar a lo largo de estos a\u00f1os. El material est\u00e1 grabado en vivo y representa un gran legado cultural para el p\u00fablico y las bandas que participaron. Se espera para este a\u00f1o el lanzamiento del volumen dos y ya hay una convocatoria abierta. \u201cPasate y ma\u00f1ana y seguimos la charla\u201d, me dice Harry casi como pidiendo perd\u00f3n, pero la nota est\u00e1 en mi mente, sentarme en ese bar, escuchar buena m\u00fasica, saborear una buena comida y disfrutar de unos excelentes tragos, me permitieron viajar y descansar. Adoro descansar entre la gente, charlar o dibujar, sentado en cualquier bar, en cualquier lugar.<br><\/p>\n<div class=\"pvc_clear\"><\/div><p id=\"pvc_stats_50375\" class=\"pvc_stats all  \" data-element-id=\"50375\" style=\"\"><i class=\"pvc-stats-icon small\" aria-hidden=\"true\"><svg aria-hidden=\"true\" focusable=\"false\" data-prefix=\"far\" data-icon=\"chart-bar\" role=\"img\" xmlns=\"http:\/\/www.w3.org\/2000\/svg\" viewBox=\"0 0 512 512\" class=\"svg-inline--fa fa-chart-bar fa-w-16 fa-2x\"><path fill=\"currentColor\" d=\"M396.8 352h22.4c6.4 0 12.8-6.4 12.8-12.8V108.8c0-6.4-6.4-12.8-12.8-12.8h-22.4c-6.4 0-12.8 6.4-12.8 12.8v230.4c0 6.4 6.4 12.8 12.8 12.8zm-192 0h22.4c6.4 0 12.8-6.4 12.8-12.8V140.8c0-6.4-6.4-12.8-12.8-12.8h-22.4c-6.4 0-12.8 6.4-12.8 12.8v198.4c0 6.4 6.4 12.8 12.8 12.8zm96 0h22.4c6.4 0 12.8-6.4 12.8-12.8V204.8c0-6.4-6.4-12.8-12.8-12.8h-22.4c-6.4 0-12.8 6.4-12.8 12.8v134.4c0 6.4 6.4 12.8 12.8 12.8zM496 400H48V80c0-8.84-7.16-16-16-16H16C7.16 64 0 71.16 0 80v336c0 17.67 14.33 32 32 32h464c8.84 0 16-7.16 16-16v-16c0-8.84-7.16-16-16-16zm-387.2-48h22.4c6.4 0 12.8-6.4 12.8-12.8v-70.4c0-6.4-6.4-12.8-12.8-12.8h-22.4c-6.4 0-12.8 6.4-12.8 12.8v70.4c0 6.4 6.4 12.8 12.8 12.8z\" class=\"\"><\/path><\/svg><\/i> <img loading=\"lazy\" decoding=\"async\" width=\"16\" height=\"16\" alt=\"Loading\" src=\"https:\/\/vocesdelacomuna15.com.ar\/wp-content\/plugins\/page-views-count\/ajax-loader-2x.gif\" border=0 \/><\/p><div class=\"pvc_clear\"><\/div>","protected":false},"excerpt":{"rendered":"<p>Hace m\u00e1s de 40 a\u00f1os se re\u00fanen en Chacarita la m\u00edstica de barrio y el rock. Est\u00e1 situado frente al cementerio en la intersecci\u00f3n de la avenida Jorge Newbery y la calle Rodney. En esta rese\u00f1a contamos algunas de las historias de este m\u00edtico bar del barrio de la Comuna 15. Nota: Jorge Demar\u00eda \u201cSalgo [&hellip;]<\/p>\n<div class=\"pvc_clear\"><\/div>\n<p id=\"pvc_stats_50375\" class=\"pvc_stats all  \" data-element-id=\"50375\" style=\"\"><i class=\"pvc-stats-icon small\" aria-hidden=\"true\"><svg aria-hidden=\"true\" focusable=\"false\" data-prefix=\"far\" data-icon=\"chart-bar\" role=\"img\" xmlns=\"http:\/\/www.w3.org\/2000\/svg\" viewBox=\"0 0 512 512\" class=\"svg-inline--fa fa-chart-bar fa-w-16 fa-2x\"><path fill=\"currentColor\" d=\"M396.8 352h22.4c6.4 0 12.8-6.4 12.8-12.8V108.8c0-6.4-6.4-12.8-12.8-12.8h-22.4c-6.4 0-12.8 6.4-12.8 12.8v230.4c0 6.4 6.4 12.8 12.8 12.8zm-192 0h22.4c6.4 0 12.8-6.4 12.8-12.8V140.8c0-6.4-6.4-12.8-12.8-12.8h-22.4c-6.4 0-12.8 6.4-12.8 12.8v198.4c0 6.4 6.4 12.8 12.8 12.8zm96 0h22.4c6.4 0 12.8-6.4 12.8-12.8V204.8c0-6.4-6.4-12.8-12.8-12.8h-22.4c-6.4 0-12.8 6.4-12.8 12.8v134.4c0 6.4 6.4 12.8 12.8 12.8zM496 400H48V80c0-8.84-7.16-16-16-16H16C7.16 64 0 71.16 0 80v336c0 17.67 14.33 32 32 32h464c8.84 0 16-7.16 16-16v-16c0-8.84-7.16-16-16-16zm-387.2-48h22.4c6.4 0 12.8-6.4 12.8-12.8v-70.4c0-6.4-6.4-12.8-12.8-12.8h-22.4c-6.4 0-12.8 6.4-12.8 12.8v70.4c0 6.4 6.4 12.8 12.8 12.8z\" class=\"\"><\/path><\/svg><\/i> <img loading=\"lazy\" decoding=\"async\" width=\"16\" height=\"16\" alt=\"Loading\" src=\"https:\/\/vocesdelacomuna15.com.ar\/wp-content\/plugins\/page-views-count\/ajax-loader-2x.gif\" border=0 \/><\/p>\n<div class=\"pvc_clear\"><\/div>\n","protected":false},"author":2,"featured_media":50407,"comment_status":"open","ping_status":"open","sticky":false,"template":"","format":"standard","meta":{"_et_pb_use_builder":"off","_et_pb_old_content":"","_et_gb_content_width":"","footnotes":""},"categories":[23,24],"tags":[],"class_list":["post-50375","post","type-post","status-publish","format-standard","has-post-thumbnail","hentry","category-chacarita","category-cultura","et-has-post-format-content","et_post_format-et-post-format-standard"],"a3_pvc":{"activated":true,"total_views":559,"today_views":0},"yoast_head":"<!-- This site is optimized with the Yoast SEO plugin v27.5 - https:\/\/yoast.com\/product\/yoast-seo-wordpress\/ -->\n<title>El bar de la calle Rodney - Voces de la Comuna 15<\/title>\n<meta name=\"description\" content=\"Voces de la Comuna 15\" \/>\n<meta name=\"robots\" content=\"index, follow, max-snippet:-1, max-image-preview:large, max-video-preview:-1\" \/>\n<link rel=\"canonical\" href=\"https:\/\/vocesdelacomuna15.com.ar\/press\/el-bar-de-la-calle-rodney\/\" \/>\n<meta property=\"og:locale\" content=\"es_ES\" \/>\n<meta property=\"og:type\" content=\"article\" \/>\n<meta property=\"og:title\" content=\"El bar de la calle Rodney - Voces de la Comuna 15\" \/>\n<meta property=\"og:description\" content=\"Voces de la Comuna 15\" \/>\n<meta property=\"og:url\" content=\"https:\/\/vocesdelacomuna15.com.ar\/press\/el-bar-de-la-calle-rodney\/\" \/>\n<meta property=\"og:site_name\" content=\"Voces de la Comuna 15\" \/>\n<meta property=\"article:publisher\" content=\"https:\/\/www.facebook.com\/VocesComuna15\/\" \/>\n<meta property=\"article:published_time\" content=\"2020-01-06T17:42:39+00:00\" \/>\n<meta property=\"article:modified_time\" content=\"2021-06-13T18:12:02+00:00\" \/>\n<meta property=\"og:image\" content=\"https:\/\/vocesdelacomuna15.com.ar\/wp-content\/uploads\/2020\/01\/Rodney.jpg\" \/>\n\t<meta property=\"og:image:width\" content=\"700\" \/>\n\t<meta property=\"og:image:height\" content=\"400\" \/>\n\t<meta property=\"og:image:type\" content=\"image\/jpeg\" \/>\n<meta name=\"author\" content=\"Federico Arguto\" \/>\n<meta name=\"twitter:card\" content=\"summary_large_image\" \/>\n<meta name=\"twitter:creator\" content=\"@vocescomuna15\" \/>\n<meta name=\"twitter:site\" content=\"@vocescomuna15\" \/>\n<meta name=\"twitter:label1\" content=\"Escrito por\" \/>\n\t<meta name=\"twitter:data1\" content=\"Federico Arguto\" \/>\n\t<meta name=\"twitter:label2\" content=\"Tiempo de lectura\" \/>\n\t<meta name=\"twitter:data2\" content=\"7 minutos\" \/>\n<script type=\"application\/ld+json\" class=\"yoast-schema-graph\">{\"@context\":\"https:\\\/\\\/schema.org\",\"@graph\":[{\"@type\":\"Article\",\"@id\":\"https:\\\/\\\/vocesdelacomuna15.com.ar\\\/press\\\/el-bar-de-la-calle-rodney\\\/#article\",\"isPartOf\":{\"@id\":\"https:\\\/\\\/vocesdelacomuna15.com.ar\\\/press\\\/el-bar-de-la-calle-rodney\\\/\"},\"author\":{\"name\":\"Federico Arguto\",\"@id\":\"https:\\\/\\\/vocesdelacomuna15.com.ar\\\/press\\\/#\\\/schema\\\/person\\\/4739e109db25d799cd3d139eeb509e43\"},\"headline\":\"El bar de la calle Rodney\",\"datePublished\":\"2020-01-06T17:42:39+00:00\",\"dateModified\":\"2021-06-13T18:12:02+00:00\",\"mainEntityOfPage\":{\"@id\":\"https:\\\/\\\/vocesdelacomuna15.com.ar\\\/press\\\/el-bar-de-la-calle-rodney\\\/\"},\"wordCount\":1381,\"commentCount\":0,\"publisher\":{\"@id\":\"https:\\\/\\\/vocesdelacomuna15.com.ar\\\/press\\\/#organization\"},\"image\":{\"@id\":\"https:\\\/\\\/vocesdelacomuna15.com.ar\\\/press\\\/el-bar-de-la-calle-rodney\\\/#primaryimage\"},\"thumbnailUrl\":\"https:\\\/\\\/vocesdelacomuna15.com.ar\\\/wp-content\\\/uploads\\\/2020\\\/01\\\/Rodney.jpg\",\"articleSection\":[\"Chacarita\",\"Cultura\"],\"inLanguage\":\"es-AR\",\"potentialAction\":[{\"@type\":\"CommentAction\",\"name\":\"Comment\",\"target\":[\"https:\\\/\\\/vocesdelacomuna15.com.ar\\\/press\\\/el-bar-de-la-calle-rodney\\\/#respond\"]}]},{\"@type\":\"WebPage\",\"@id\":\"https:\\\/\\\/vocesdelacomuna15.com.ar\\\/press\\\/el-bar-de-la-calle-rodney\\\/\",\"url\":\"https:\\\/\\\/vocesdelacomuna15.com.ar\\\/press\\\/el-bar-de-la-calle-rodney\\\/\",\"name\":\"El bar de la calle Rodney - Voces de la Comuna 15\",\"isPartOf\":{\"@id\":\"https:\\\/\\\/vocesdelacomuna15.com.ar\\\/press\\\/#website\"},\"primaryImageOfPage\":{\"@id\":\"https:\\\/\\\/vocesdelacomuna15.com.ar\\\/press\\\/el-bar-de-la-calle-rodney\\\/#primaryimage\"},\"image\":{\"@id\":\"https:\\\/\\\/vocesdelacomuna15.com.ar\\\/press\\\/el-bar-de-la-calle-rodney\\\/#primaryimage\"},\"thumbnailUrl\":\"https:\\\/\\\/vocesdelacomuna15.com.ar\\\/wp-content\\\/uploads\\\/2020\\\/01\\\/Rodney.jpg\",\"datePublished\":\"2020-01-06T17:42:39+00:00\",\"dateModified\":\"2021-06-13T18:12:02+00:00\",\"description\":\"Voces de la Comuna 15\",\"breadcrumb\":{\"@id\":\"https:\\\/\\\/vocesdelacomuna15.com.ar\\\/press\\\/el-bar-de-la-calle-rodney\\\/#breadcrumb\"},\"inLanguage\":\"es-AR\",\"potentialAction\":[{\"@type\":\"ReadAction\",\"target\":[\"https:\\\/\\\/vocesdelacomuna15.com.ar\\\/press\\\/el-bar-de-la-calle-rodney\\\/\"]}]},{\"@type\":\"ImageObject\",\"inLanguage\":\"es-AR\",\"@id\":\"https:\\\/\\\/vocesdelacomuna15.com.ar\\\/press\\\/el-bar-de-la-calle-rodney\\\/#primaryimage\",\"url\":\"https:\\\/\\\/vocesdelacomuna15.com.ar\\\/wp-content\\\/uploads\\\/2020\\\/01\\\/Rodney.jpg\",\"contentUrl\":\"https:\\\/\\\/vocesdelacomuna15.com.ar\\\/wp-content\\\/uploads\\\/2020\\\/01\\\/Rodney.jpg\",\"width\":700,\"height\":400},{\"@type\":\"BreadcrumbList\",\"@id\":\"https:\\\/\\\/vocesdelacomuna15.com.ar\\\/press\\\/el-bar-de-la-calle-rodney\\\/#breadcrumb\",\"itemListElement\":[{\"@type\":\"ListItem\",\"position\":1,\"name\":\"Inicio\",\"item\":\"https:\\\/\\\/vocesdelacomuna15.com.ar\\\/press\\\/\"},{\"@type\":\"ListItem\",\"position\":2,\"name\":\"El bar de la calle Rodney\"}]},{\"@type\":\"WebSite\",\"@id\":\"https:\\\/\\\/vocesdelacomuna15.com.ar\\\/press\\\/#website\",\"url\":\"https:\\\/\\\/vocesdelacomuna15.com.ar\\\/press\\\/\",\"name\":\"Voces de la Comuna 15\",\"description\":\"Sitio web de noticias\",\"publisher\":{\"@id\":\"https:\\\/\\\/vocesdelacomuna15.com.ar\\\/press\\\/#organization\"},\"potentialAction\":[{\"@type\":\"SearchAction\",\"target\":{\"@type\":\"EntryPoint\",\"urlTemplate\":\"https:\\\/\\\/vocesdelacomuna15.com.ar\\\/press\\\/?s={search_term_string}\"},\"query-input\":{\"@type\":\"PropertyValueSpecification\",\"valueRequired\":true,\"valueName\":\"search_term_string\"}}],\"inLanguage\":\"es-AR\"},{\"@type\":\"Organization\",\"@id\":\"https:\\\/\\\/vocesdelacomuna15.com.ar\\\/press\\\/#organization\",\"name\":\"Voces de la Comuna 15\",\"url\":\"https:\\\/\\\/vocesdelacomuna15.com.ar\\\/press\\\/\",\"logo\":{\"@type\":\"ImageObject\",\"inLanguage\":\"es-AR\",\"@id\":\"https:\\\/\\\/vocesdelacomuna15.com.ar\\\/press\\\/#\\\/schema\\\/logo\\\/image\\\/\",\"url\":\"https:\\\/\\\/vocesdelacomuna15.com.ar\\\/wp-content\\\/uploads\\\/2024\\\/12\\\/cropped-logo_voces.jpg\",\"contentUrl\":\"https:\\\/\\\/vocesdelacomuna15.com.ar\\\/wp-content\\\/uploads\\\/2024\\\/12\\\/cropped-logo_voces.jpg\",\"width\":512,\"height\":512,\"caption\":\"Voces de la Comuna 15\"},\"image\":{\"@id\":\"https:\\\/\\\/vocesdelacomuna15.com.ar\\\/press\\\/#\\\/schema\\\/logo\\\/image\\\/\"},\"sameAs\":[\"https:\\\/\\\/www.facebook.com\\\/VocesComuna15\\\/\",\"https:\\\/\\\/x.com\\\/vocescomuna15\"]},{\"@type\":\"Person\",\"@id\":\"https:\\\/\\\/vocesdelacomuna15.com.ar\\\/press\\\/#\\\/schema\\\/person\\\/4739e109db25d799cd3d139eeb509e43\",\"name\":\"Federico Arguto\",\"image\":{\"@type\":\"ImageObject\",\"inLanguage\":\"es-AR\",\"@id\":\"https:\\\/\\\/vocesdelacomuna15.com.ar\\\/wp-content\\\/litespeed\\\/avatar\\\/82faf979976f1bae889b8b71f8a0a7e5.jpg?ver=1777419741\",\"url\":\"https:\\\/\\\/vocesdelacomuna15.com.ar\\\/wp-content\\\/litespeed\\\/avatar\\\/82faf979976f1bae889b8b71f8a0a7e5.jpg?ver=1777419741\",\"contentUrl\":\"https:\\\/\\\/vocesdelacomuna15.com.ar\\\/wp-content\\\/litespeed\\\/avatar\\\/82faf979976f1bae889b8b71f8a0a7e5.jpg?ver=1777419741\",\"caption\":\"Federico Arguto\"},\"url\":\"https:\\\/\\\/vocesdelacomuna15.com.ar\\\/press\\\/author\\\/fede\\\/\"}]}<\/script>\n<!-- \/ Yoast SEO plugin. -->","yoast_head_json":{"title":"El bar de la calle Rodney - Voces de la Comuna 15","description":"Voces de la Comuna 15","robots":{"index":"index","follow":"follow","max-snippet":"max-snippet:-1","max-image-preview":"max-image-preview:large","max-video-preview":"max-video-preview:-1"},"canonical":"https:\/\/vocesdelacomuna15.com.ar\/press\/el-bar-de-la-calle-rodney\/","og_locale":"es_ES","og_type":"article","og_title":"El bar de la calle Rodney - Voces de la Comuna 15","og_description":"Voces de la Comuna 15","og_url":"https:\/\/vocesdelacomuna15.com.ar\/press\/el-bar-de-la-calle-rodney\/","og_site_name":"Voces de la Comuna 15","article_publisher":"https:\/\/www.facebook.com\/VocesComuna15\/","article_published_time":"2020-01-06T17:42:39+00:00","article_modified_time":"2021-06-13T18:12:02+00:00","og_image":[{"width":700,"height":400,"url":"https:\/\/vocesdelacomuna15.com.ar\/wp-content\/uploads\/2020\/01\/Rodney.jpg","type":"image\/jpeg"}],"author":"Federico Arguto","twitter_card":"summary_large_image","twitter_creator":"@vocescomuna15","twitter_site":"@vocescomuna15","twitter_misc":{"Escrito por":"Federico Arguto","Tiempo de lectura":"7 minutos"},"schema":{"@context":"https:\/\/schema.org","@graph":[{"@type":"Article","@id":"https:\/\/vocesdelacomuna15.com.ar\/press\/el-bar-de-la-calle-rodney\/#article","isPartOf":{"@id":"https:\/\/vocesdelacomuna15.com.ar\/press\/el-bar-de-la-calle-rodney\/"},"author":{"name":"Federico Arguto","@id":"https:\/\/vocesdelacomuna15.com.ar\/press\/#\/schema\/person\/4739e109db25d799cd3d139eeb509e43"},"headline":"El bar de la calle Rodney","datePublished":"2020-01-06T17:42:39+00:00","dateModified":"2021-06-13T18:12:02+00:00","mainEntityOfPage":{"@id":"https:\/\/vocesdelacomuna15.com.ar\/press\/el-bar-de-la-calle-rodney\/"},"wordCount":1381,"commentCount":0,"publisher":{"@id":"https:\/\/vocesdelacomuna15.com.ar\/press\/#organization"},"image":{"@id":"https:\/\/vocesdelacomuna15.com.ar\/press\/el-bar-de-la-calle-rodney\/#primaryimage"},"thumbnailUrl":"https:\/\/vocesdelacomuna15.com.ar\/wp-content\/uploads\/2020\/01\/Rodney.jpg","articleSection":["Chacarita","Cultura"],"inLanguage":"es-AR","potentialAction":[{"@type":"CommentAction","name":"Comment","target":["https:\/\/vocesdelacomuna15.com.ar\/press\/el-bar-de-la-calle-rodney\/#respond"]}]},{"@type":"WebPage","@id":"https:\/\/vocesdelacomuna15.com.ar\/press\/el-bar-de-la-calle-rodney\/","url":"https:\/\/vocesdelacomuna15.com.ar\/press\/el-bar-de-la-calle-rodney\/","name":"El bar de la calle Rodney - Voces de la Comuna 15","isPartOf":{"@id":"https:\/\/vocesdelacomuna15.com.ar\/press\/#website"},"primaryImageOfPage":{"@id":"https:\/\/vocesdelacomuna15.com.ar\/press\/el-bar-de-la-calle-rodney\/#primaryimage"},"image":{"@id":"https:\/\/vocesdelacomuna15.com.ar\/press\/el-bar-de-la-calle-rodney\/#primaryimage"},"thumbnailUrl":"https:\/\/vocesdelacomuna15.com.ar\/wp-content\/uploads\/2020\/01\/Rodney.jpg","datePublished":"2020-01-06T17:42:39+00:00","dateModified":"2021-06-13T18:12:02+00:00","description":"Voces de la Comuna 15","breadcrumb":{"@id":"https:\/\/vocesdelacomuna15.com.ar\/press\/el-bar-de-la-calle-rodney\/#breadcrumb"},"inLanguage":"es-AR","potentialAction":[{"@type":"ReadAction","target":["https:\/\/vocesdelacomuna15.com.ar\/press\/el-bar-de-la-calle-rodney\/"]}]},{"@type":"ImageObject","inLanguage":"es-AR","@id":"https:\/\/vocesdelacomuna15.com.ar\/press\/el-bar-de-la-calle-rodney\/#primaryimage","url":"https:\/\/vocesdelacomuna15.com.ar\/wp-content\/uploads\/2020\/01\/Rodney.jpg","contentUrl":"https:\/\/vocesdelacomuna15.com.ar\/wp-content\/uploads\/2020\/01\/Rodney.jpg","width":700,"height":400},{"@type":"BreadcrumbList","@id":"https:\/\/vocesdelacomuna15.com.ar\/press\/el-bar-de-la-calle-rodney\/#breadcrumb","itemListElement":[{"@type":"ListItem","position":1,"name":"Inicio","item":"https:\/\/vocesdelacomuna15.com.ar\/press\/"},{"@type":"ListItem","position":2,"name":"El bar de la calle Rodney"}]},{"@type":"WebSite","@id":"https:\/\/vocesdelacomuna15.com.ar\/press\/#website","url":"https:\/\/vocesdelacomuna15.com.ar\/press\/","name":"Voces de la Comuna 15","description":"Sitio web de noticias","publisher":{"@id":"https:\/\/vocesdelacomuna15.com.ar\/press\/#organization"},"potentialAction":[{"@type":"SearchAction","target":{"@type":"EntryPoint","urlTemplate":"https:\/\/vocesdelacomuna15.com.ar\/press\/?s={search_term_string}"},"query-input":{"@type":"PropertyValueSpecification","valueRequired":true,"valueName":"search_term_string"}}],"inLanguage":"es-AR"},{"@type":"Organization","@id":"https:\/\/vocesdelacomuna15.com.ar\/press\/#organization","name":"Voces de la Comuna 15","url":"https:\/\/vocesdelacomuna15.com.ar\/press\/","logo":{"@type":"ImageObject","inLanguage":"es-AR","@id":"https:\/\/vocesdelacomuna15.com.ar\/press\/#\/schema\/logo\/image\/","url":"https:\/\/vocesdelacomuna15.com.ar\/wp-content\/uploads\/2024\/12\/cropped-logo_voces.jpg","contentUrl":"https:\/\/vocesdelacomuna15.com.ar\/wp-content\/uploads\/2024\/12\/cropped-logo_voces.jpg","width":512,"height":512,"caption":"Voces de la Comuna 15"},"image":{"@id":"https:\/\/vocesdelacomuna15.com.ar\/press\/#\/schema\/logo\/image\/"},"sameAs":["https:\/\/www.facebook.com\/VocesComuna15\/","https:\/\/x.com\/vocescomuna15"]},{"@type":"Person","@id":"https:\/\/vocesdelacomuna15.com.ar\/press\/#\/schema\/person\/4739e109db25d799cd3d139eeb509e43","name":"Federico Arguto","image":{"@type":"ImageObject","inLanguage":"es-AR","@id":"https:\/\/vocesdelacomuna15.com.ar\/wp-content\/litespeed\/avatar\/82faf979976f1bae889b8b71f8a0a7e5.jpg?ver=1777419741","url":"https:\/\/vocesdelacomuna15.com.ar\/wp-content\/litespeed\/avatar\/82faf979976f1bae889b8b71f8a0a7e5.jpg?ver=1777419741","contentUrl":"https:\/\/vocesdelacomuna15.com.ar\/wp-content\/litespeed\/avatar\/82faf979976f1bae889b8b71f8a0a7e5.jpg?ver=1777419741","caption":"Federico Arguto"},"url":"https:\/\/vocesdelacomuna15.com.ar\/press\/author\/fede\/"}]}},"_links":{"self":[{"href":"https:\/\/vocesdelacomuna15.com.ar\/press\/wp-json\/wp\/v2\/posts\/50375","targetHints":{"allow":["GET"]}}],"collection":[{"href":"https:\/\/vocesdelacomuna15.com.ar\/press\/wp-json\/wp\/v2\/posts"}],"about":[{"href":"https:\/\/vocesdelacomuna15.com.ar\/press\/wp-json\/wp\/v2\/types\/post"}],"author":[{"embeddable":true,"href":"https:\/\/vocesdelacomuna15.com.ar\/press\/wp-json\/wp\/v2\/users\/2"}],"replies":[{"embeddable":true,"href":"https:\/\/vocesdelacomuna15.com.ar\/press\/wp-json\/wp\/v2\/comments?post=50375"}],"version-history":[{"count":2,"href":"https:\/\/vocesdelacomuna15.com.ar\/press\/wp-json\/wp\/v2\/posts\/50375\/revisions"}],"predecessor-version":[{"id":50408,"href":"https:\/\/vocesdelacomuna15.com.ar\/press\/wp-json\/wp\/v2\/posts\/50375\/revisions\/50408"}],"wp:featuredmedia":[{"embeddable":true,"href":"https:\/\/vocesdelacomuna15.com.ar\/press\/wp-json\/wp\/v2\/media\/50407"}],"wp:attachment":[{"href":"https:\/\/vocesdelacomuna15.com.ar\/press\/wp-json\/wp\/v2\/media?parent=50375"}],"wp:term":[{"taxonomy":"category","embeddable":true,"href":"https:\/\/vocesdelacomuna15.com.ar\/press\/wp-json\/wp\/v2\/categories?post=50375"},{"taxonomy":"post_tag","embeddable":true,"href":"https:\/\/vocesdelacomuna15.com.ar\/press\/wp-json\/wp\/v2\/tags?post=50375"}],"curies":[{"name":"wp","href":"https:\/\/api.w.org\/{rel}","templated":true}]}}